{"id":6253,"date":"2025-07-03T00:06:32","date_gmt":"2025-07-03T00:06:32","guid":{"rendered":"https:\/\/saintlouisnews.sn\/?p=6253"},"modified":"2025-07-03T00:06:35","modified_gmt":"2025-07-03T00:06:35","slug":"bavures-policieres-a-rosso-et-camberene-bassirou-diomaye-faye-annonce-des-mesures-fortes","status":"publish","type":"post","link":"https:\/\/saintlouisnews.sn\/?p=6253","title":{"rendered":"Bavures polici\u00e8res \u00e0 Rosso et Camb\u00e9r\u00e8ne : Bassirou Diomaye Faye annonce des mesures fortes"},"content":{"rendered":"\n<p>De retour d\u2019un d\u00e9placement \u00e0 S\u00e9ville (Espagne), o\u00f9 il a pris part au 4\u1d49 Sommet sur le financement du d\u00e9veloppement, le pr\u00e9sident Bassirou Diomaye Faye a r\u00e9agi \u00e0 l\u2019actualit\u00e9 nationale marqu\u00e9e par des bavures polici\u00e8res pr\u00e9sum\u00e9es \u00e0 Rosso et Camb\u00e9r\u00e8ne, ayant entra\u00een\u00e9 des pertes en vies humaines.Ces \u00e9v\u00e9nements, largement relay\u00e9s sur les r\u00e9seaux sociaux et dans la presse, ont raviv\u00e9 les critiques sur les bavures polici\u00e8res et la gestion de l\u2019usage de la force. Face \u00e0 cette situation tendue, le chef de l\u2019\u00c9tat a tenu \u00e0 s\u2019adresser directement aux S\u00e9n\u00e9galais, lors d\u2019une d\u00e9claration \u00e0 la RTS, dans un ton grave et r\u00e9solument ferme.<\/p>\n\n\n\n<p>Il a d\u2019abord rappel\u00e9 les principes fondamentaux qui r\u00e9gissent les missions des forces de l\u2019ordre. \u00ab Concernant les pertes en vies humaines, nous avons d\u00e9plor\u00e9 cons\u00e9cutivement l\u2019intervention de la police \u00e0 Rosso et Camb\u00e9r\u00e8ne. Rappelons que, sur le plan des principes, les forces de l\u2019ordre sont cens\u00e9es rassurer les populations et les prot\u00e9ger. Les interventions ne doivent pas causer la mort. Que des populations, lors des interventions de la police, perdent la vie ne pourrait jamais \u00eatre consid\u00e9r\u00e9 comme une banalit\u00e9. \u00bb, a-t-il relev\u00e9.Bassirou Diomaye Faye a insist\u00e9 sur la n\u00e9cessit\u00e9 de faire toute la lumi\u00e8re sur ces \u00e9v\u00e9nements. \u00ab Sous ce rapport, les enqu\u00eates sont en train d\u2019\u00eatre faites en toute impartialit\u00e9 pour situer les responsabilit\u00e9s, quel qu\u2019en soit le niveau, et appliquer, avec toute la vigueur et la froideur qui sied, les sanctions qui s\u2019imposent. \u00bb<\/p>\n\n\n\n<p>\u00ab On ne saurait se servir des citoyens comme bouclier \u00bb<\/p>\n\n\n\n<p>Le pr\u00e9sident de la R\u00e9publique a \u00e9galement fait part de son \u00e9motion apr\u00e8s avoir visionn\u00e9 les vid\u00e9os li\u00e9es \u00e0 ces interventions. \u00ab Les images que j\u2019ai pu moi-m\u00eame voir font appara\u00eetre des sc\u00e8nes qui sont insoutenables et inacceptables dans le cadre d\u2019interventions polici\u00e8res. \u00bb. Il a exprim\u00e9 son indignation face \u00e0 la brutalit\u00e9 de certaines s\u00e9quences, soulignant qu\u2019aucune op\u00e9ration de s\u00e9curit\u00e9 ne peut justifier de telles pratiques.<\/p>\n\n\n\n<p>Poursuivant son propos, il a mis en garde contre l\u2019usage ill\u00e9gal de citoyens arr\u00eat\u00e9s comme moyen de d\u00e9fense. \u00ab On ne saurait se servir des citoyens qui ont fait l\u2019objet d\u2019une arrestation, dans le cadre d\u2019\u00e9chauffour\u00e9es contre la police, comme d\u2019un quelconque bouclier humain. Cela ne rel\u00e8ve pas des r\u00e8gles d\u2019engagement des forces de d\u00e9fense et de s\u00e9curit\u00e9. \u00bb a-t-il martel\u00e9.Enfin, le chef de l\u2019Etat a lanc\u00e9 des instructions claires aux autorit\u00e9s comp\u00e9tentes : \u00ab J\u2019engage le ministre de l\u2019Int\u00e9rieur et le directeur de la police, pour m\u2019en tenir au cas pr\u00e9sent, \u00e0 mener avec diligence les enqu\u00eates, \u00e0 situer les responsabilit\u00e9s et \u00e0 soumettre un rapport circonstanci\u00e9. Et si des sanctions s\u2019imposent, d\u2019y aller avec toute la fermet\u00e9, pour que ces cas puissent servir d\u2019exemple, et pour que plus jamais la mort dans les commissariats ou \u00e0 l\u2019occasion d\u2019interventions qui peuvent \u00eatre ma\u00eetris\u00e9es ne puisse \u00eatre accept\u00e9e comme relevant de la normalit\u00e9. \u00bb<\/p>\n","protected":false},"excerpt":{"rendered":"<p>De retour d\u2019un d\u00e9placement \u00e0 S\u00e9ville (Espagne), o\u00f9 il a pris part au 4\u1d49 Sommet sur le financement du d\u00e9veloppement, le pr\u00e9sident Bassirou Diomaye Faye a r\u00e9agi \u00e0 l\u2019actualit\u00e9 nationale marqu\u00e9e par des bavures polici\u00e8res pr\u00e9sum\u00e9es \u00e0 Rosso et Camb\u00e9r\u00e8ne, ayant entra\u00een\u00e9 des pertes en vies humaines.Ces \u00e9v\u00e9nements, largement relay\u00e9s sur les r\u00e9seaux sociaux et &hellip;<\/p>\n","protected":false},"author":1,"featured_media":6254,"comment_status":"open","ping_status":"open","sticky":false,"template":"","format":"standard","meta":{"footnotes":""},"categories":[218,219,228],"tags":[],"class_list":["post-6253","post","type-post","status-publish","format-standard","has-post-thumbnail","hentry","category-a-laune","category-actualites","category-politique"],"_links":{"self":[{"href":"https:\/\/saintlouisnews.sn\/index.php?rest_route=\/wp\/v2\/posts\/6253","targetHints":{"allow":["GET"]}}],"collection":[{"href":"https:\/\/saintlouisnews.sn\/index.php?rest_route=\/wp\/v2\/posts"}],"about":[{"href":"https:\/\/saintlouisnews.sn\/index.php?rest_route=\/wp\/v2\/types\/post"}],"author":[{"embeddable":true,"href":"https:\/\/saintlouisnews.sn\/index.php?rest_route=\/wp\/v2\/users\/1"}],"replies":[{"embeddable":true,"href":"https:\/\/saintlouisnews.sn\/index.php?rest_route=%2Fwp%2Fv2%2Fcomments&post=6253"}],"version-history":[{"count":1,"href":"https:\/\/saintlouisnews.sn\/index.php?rest_route=\/wp\/v2\/posts\/6253\/revisions"}],"predecessor-version":[{"id":6255,"href":"https:\/\/saintlouisnews.sn\/index.php?rest_route=\/wp\/v2\/posts\/6253\/revisions\/6255"}],"wp:featuredmedia":[{"embeddable":true,"href":"https:\/\/saintlouisnews.sn\/index.php?rest_route=\/wp\/v2\/media\/6254"}],"wp:attachment":[{"href":"https:\/\/saintlouisnews.sn\/index.php?rest_route=%2Fwp%2Fv2%2Fmedia&parent=6253"}],"wp:term":[{"taxonomy":"category","embeddable":true,"href":"https:\/\/saintlouisnews.sn\/index.php?rest_route=%2Fwp%2Fv2%2Fcategories&post=6253"},{"taxonomy":"post_tag","embeddable":true,"href":"https:\/\/saintlouisnews.sn\/index.php?rest_route=%2Fwp%2Fv2%2Ftags&post=6253"}],"curies":[{"name":"wp","href":"https:\/\/api.w.org\/{rel}","templated":true}]}}