{"id":6279,"date":"2025-07-07T16:06:29","date_gmt":"2025-07-07T16:06:29","guid":{"rendered":"https:\/\/saintlouisnews.sn\/?p=6279"},"modified":"2025-07-07T16:22:01","modified_gmt":"2025-07-07T16:22:01","slug":"yatma-fall-president-de-la-federation-ouest-africaine-des-personnes-handicapees-il-ny-a-aucune-avancee-sur-la-loi-dorientation-sociale","status":"publish","type":"post","link":"https:\/\/saintlouisnews.sn\/?p=6279","title":{"rendered":"Yatma Fall pr\u00e9sident de la F\u00e9d\u00e9ration ouest africaine des personnes handicap\u00e9es \u00abIl n&rsquo;y a aucune avanc\u00e9e sur  la Loi d&rsquo;Orientation sociale\u00bb"},"content":{"rendered":"\n<p><strong><em>Yatma Fall, ancien pr\u00e9sident de la F\u00e9d\u00e9ration s\u00e9n\u00e9galaise des Associations des Personnes handicap\u00e9es (Fsaph), a fait hier une importante sortie sur la Loi d\u2019Orientation sociale (LOS) du 6 juillet 2010. 15 ans apr\u00e8s, rien pour son application. Cette inaction a \u00e9t\u00e9 d\u00e9nonc\u00e9e par l\u2019actuel pr\u00e9sident de la F\u00e9d\u00e9ration ouest africaine des personnes handicap\u00e9es pour qui des efforts doivent \u00eatre fournis pour l\u2019application de la LOS afin d\u2019am\u00e9liorer les conditions d\u2019existence des personnes handicap\u00e9es.<\/em><\/strong><\/p>\n\n\n\n<p>\u00ab Il y a exactement 15 ans, le S\u00e9n\u00e9gal adoptait une loi historique \u00e0 savoir la Loi d\u2019Orientation sociale n\u00b02010-15, destin\u00e9e \u00e0 garantir aux personnes handicap\u00e9es l\u2019acc\u00e8s aux droits fondamentaux comme l\u2019\u00e9ducation, la sant\u00e9, l\u2019emploi, l\u2019accessibilit\u00e9, la participation citoyenne. Depuis lors, les choses n\u2019ont pas \u00e9volu\u00e9 \u00bb. La r\u00e9v\u00e9lation a \u00e9t\u00e9 faite par Yatma Fall. Pour l\u2019ancien pr\u00e9sident de la F\u00e9d\u00e9ration s\u00e9n\u00e9galaise des Associations des Personnes handicap\u00e9es qui a fait l\u2019\u00e9tat des lieux, la situation est loin d\u2019\u00eatre reluisante. \u00ab Il n\u2019y a aucune avanc\u00e9e. Il n\u2019y a point de v\u00e9ritable d\u00e9cret d\u2019application sur les points les plus cruciaux. Aucune planification s\u00e9rieuse pour l\u2019accessibilit\u00e9 universelle n\u2019a \u00e9t\u00e9 faite pour acc\u00e9l\u00e9rer les choses. Pis, nous avons not\u00e9 une discrimination persistante dans l\u2019acc\u00e8s \u00e0 l\u2019emploi public et priv\u00e9 au moment o\u00f9 la pauvret\u00e9 et la marginalisation demeurent toujours plus profondes \u00bb, a signal\u00e9 M. Fall. Pour lui, il y a des m\u00e9canismes mis en place qui sont clairs. \u00ab Pourtant, l\u2019article 4 de la Invention relative aux Droits des Personnes handicap\u00e9es (CDPH) est clair. Les \u00c9tats parties s\u2019engagent \u00e0 prendre toutes les mesures l\u00e9gislatives, administratives et autres mesures appropri\u00e9es pour la mise en \u0153uvre des droits reconnus dans la pr\u00e9sente Convention. Le S\u00e9n\u00e9gal est donc tenu, moralement et juridiquement, de mettre en \u0153uvre la Loi d\u2019Orientation sociale. Une loi sans application, c\u2019est une trahison silencieuse des engagements pris envers les personnes handicap\u00e9es. 15 ans de patience, 15 ans d\u2019oubli, 15 ans de trop ! Basta \u00bb, a d\u00e9clar\u00e9  Yatma Fall. Pour lui, la situation des personnes handicap\u00e9es est difficile et n\u00e9cessite une am\u00e9lioration. \u00ab Nous exigeons l\u2019adoption imm\u00e9diate de tous les d\u00e9crets d\u2019application restants, un budget cons\u00e9quent pour l&rsquo;accessibilit\u00e9 et l&rsquo;inclusion et la pleine reconnaissance des droits des personnes handicap\u00e9es, dans les faits comme dans la loi \u00bb, a pr\u00e9conis\u00e9 le pr\u00e9sident de la F\u00e9d\u00e9ration ouest africaine des personnes handicap\u00e9es.<\/p>\n","protected":false},"excerpt":{"rendered":"<p>Yatma Fall, ancien pr\u00e9sident de la F\u00e9d\u00e9ration s\u00e9n\u00e9galaise des Associations des Personnes handicap\u00e9es (Fsaph), a fait hier une importante sortie sur la Loi d\u2019Orientation sociale (LOS) du 6 juillet 2010. 15 ans apr\u00e8s, rien pour son application. Cette inaction a \u00e9t\u00e9 d\u00e9nonc\u00e9e par l\u2019actuel pr\u00e9sident de la F\u00e9d\u00e9ration ouest africaine des personnes handicap\u00e9es pour qui &hellip;<\/p>\n","protected":false},"author":1,"featured_media":6284,"comment_status":"open","ping_status":"open","sticky":false,"template":"","format":"standard","meta":{"footnotes":""},"categories":[218,219,231,1],"tags":[],"class_list":["post-6279","post","type-post","status-publish","format-standard","has-post-thumbnail","hentry","category-a-laune","category-actualites","category-societe","category-uncategorized"],"_links":{"self":[{"href":"https:\/\/saintlouisnews.sn\/index.php?rest_route=\/wp\/v2\/posts\/6279","targetHints":{"allow":["GET"]}}],"collection":[{"href":"https:\/\/saintlouisnews.sn\/index.php?rest_route=\/wp\/v2\/posts"}],"about":[{"href":"https:\/\/saintlouisnews.sn\/index.php?rest_route=\/wp\/v2\/types\/post"}],"author":[{"embeddable":true,"href":"https:\/\/saintlouisnews.sn\/index.php?rest_route=\/wp\/v2\/users\/1"}],"replies":[{"embeddable":true,"href":"https:\/\/saintlouisnews.sn\/index.php?rest_route=%2Fwp%2Fv2%2Fcomments&post=6279"}],"version-history":[{"count":2,"href":"https:\/\/saintlouisnews.sn\/index.php?rest_route=\/wp\/v2\/posts\/6279\/revisions"}],"predecessor-version":[{"id":6285,"href":"https:\/\/saintlouisnews.sn\/index.php?rest_route=\/wp\/v2\/posts\/6279\/revisions\/6285"}],"wp:featuredmedia":[{"embeddable":true,"href":"https:\/\/saintlouisnews.sn\/index.php?rest_route=\/wp\/v2\/media\/6284"}],"wp:attachment":[{"href":"https:\/\/saintlouisnews.sn\/index.php?rest_route=%2Fwp%2Fv2%2Fmedia&parent=6279"}],"wp:term":[{"taxonomy":"category","embeddable":true,"href":"https:\/\/saintlouisnews.sn\/index.php?rest_route=%2Fwp%2Fv2%2Fcategories&post=6279"},{"taxonomy":"post_tag","embeddable":true,"href":"https:\/\/saintlouisnews.sn\/index.php?rest_route=%2Fwp%2Fv2%2Ftags&post=6279"}],"curies":[{"name":"wp","href":"https:\/\/api.w.org\/{rel}","templated":true}]}}