{"id":6298,"date":"2025-07-10T22:14:10","date_gmt":"2025-07-10T22:14:10","guid":{"rendered":"https:\/\/saintlouisnews.sn\/?p=6298"},"modified":"2025-07-10T22:14:13","modified_gmt":"2025-07-10T22:14:13","slug":"lutte-contre-la-migration-irreguliere-plus-de-26-pirogues-arraisonnees-depuis-le-debut-de-lannee","status":"publish","type":"post","link":"https:\/\/saintlouisnews.sn\/?p=6298","title":{"rendered":"Lutte contre la migration irr\u00e9guli\u00e8re : Plus de 26 pirogues \u2018\u2019arraisonn\u00e9es\u2019\u2019 depuis le d\u00e9but de l\u2019ann\u00e9e"},"content":{"rendered":"\n<p>Les forces de d\u00e9fense et de s\u00e9curit\u00e9 du S\u00e9n\u00e9gal ont \u2018\u2019arraisonn\u00e9\u2019\u2019 26 pirogues et emp\u00each\u00e9 le voyage vers d\u2019autres pays de plus 1 000 personnes, depuis le d\u00e9but de cette ann\u00e9e, a-t-on appris, jeudi, \u00e0 Cap Skirring (sud), du contr\u00f4leur g\u00e9n\u00e9ral de police et secr\u00e9taire permanent du comit\u00e9 interminist\u00e9riel de lutte contre la migration irr\u00e9guli\u00e8re, Modou Diagne.<\/p>\n\n\n\n<p>\u2018\u2019Il y a des avanc\u00e9es significatives dans la lutte contre la migration irr\u00e9guli\u00e8re, si on compare les r\u00e9sultats de cette ann\u00e9e avec ceux de l\u2019ann\u00e9e derni\u00e8re. Cette ann\u00e9e, nous avons moins de migrants partis des c\u00f4tes s\u00e9n\u00e9galaises et arriv\u00e9s aux \u00eeles Canaries. Depuis janvier dernier, les forces de d\u00e9fense et de s\u00e9curit\u00e9 ont arraisonn\u00e9 26 pirogues et emp\u00each\u00e9 le d\u00e9part de plus 1.000 personnes\u2019\u2019 pour d\u2019autres pays, a-t-il dit.<\/p>\n\n\n\n<p>Il intervenait \u00e0 la cl\u00f4ture d\u2019un atelier de formation des membres des comit\u00e9s d\u00e9partementaux et r\u00e9gionaux de lutte contre la migration irr\u00e9guli\u00e8re de Kolda, S\u00e9dhiou et Ziguinchor (sud).<\/p>\n\n\n\n<p>Des gouverneurs, des pr\u00e9fets, des directeurs d\u2019agences r\u00e9gionales de d\u00e9veloppement, des responsables des forces de d\u00e9fense et de s\u00e9curit\u00e9 et des bureaux d\u2019accueil et d\u2019orientation des S\u00e9n\u00e9galais de l\u2019ext\u00e9rieur ont pris part \u00e0 cette rencontre.\u00a0R<\/p>\n\n\n\n<p>\u2018\u2019Cette ann\u00e9e, plusieurs campagnes de sensibilisation seront men\u00e9es dans le pays [\u2026] Nous allons renforcer la surveillance des fronti\u00e8res\u2019\u2019, a promis Modou Diagne.<\/p>\n\n\n\n<p>Selon lui, l\u2019\u00c9tat est en train de d\u00e9velopper des projets et des programmes destin\u00e9s aux jeunes et aux femmes, pour faciliter leur autonomie financi\u00e8re et les dissuader de s\u2019adonner \u00e0 l\u2019\u00e9migration irr\u00e9guli\u00e8re.<\/p>\n\n\n\n<p>Le but de la formation des membres des comit\u00e9s d\u00e9partementaux et r\u00e9gionaux de lutte contre la migration irr\u00e9guli\u00e8re est de leur permettre de ma\u00eetriser le trafic de migrants.<\/p>\n\n\n\n<p>\u2018\u2019Ils pourront faire la diff\u00e9rence entre le trafic de migrants et la traite des personnes, deux infractions qui se ressemblent beaucoup. La formation leur permettra aussi de mieux organiser et conduire le travail des comit\u00e9s r\u00e9gionaux et d\u00e9partementaux de lutte contre la migration irr\u00e9guli\u00e8re\u2019\u2019, a expliqu\u00e9 M. Diagne.<\/p>\n\n\n\n<p>\u2018\u2019Nous voulons r\u00e9duire drastiquement ce ph\u00e9nom\u00e8ne \u00e0 l\u2019horizon 2035\u2019\u2019, a-t-il dit.<\/p>\n","protected":false},"excerpt":{"rendered":"<p>Les forces de d\u00e9fense et de s\u00e9curit\u00e9 du S\u00e9n\u00e9gal ont \u2018\u2019arraisonn\u00e9\u2019\u2019 26 pirogues et emp\u00each\u00e9 le voyage vers d\u2019autres pays de plus 1 000 personnes, depuis le d\u00e9but de cette ann\u00e9e, a-t-on appris, jeudi, \u00e0 Cap Skirring (sud), du contr\u00f4leur g\u00e9n\u00e9ral de police et secr\u00e9taire permanent du comit\u00e9 interminist\u00e9riel de lutte contre la migration irr\u00e9guli\u00e8re, &hellip;<\/p>\n","protected":false},"author":1,"featured_media":6299,"comment_status":"open","ping_status":"open","sticky":false,"template":"","format":"standard","meta":{"footnotes":""},"categories":[218,219,231],"tags":[],"class_list":["post-6298","post","type-post","status-publish","format-standard","has-post-thumbnail","hentry","category-a-laune","category-actualites","category-societe"],"_links":{"self":[{"href":"https:\/\/saintlouisnews.sn\/index.php?rest_route=\/wp\/v2\/posts\/6298","targetHints":{"allow":["GET"]}}],"collection":[{"href":"https:\/\/saintlouisnews.sn\/index.php?rest_route=\/wp\/v2\/posts"}],"about":[{"href":"https:\/\/saintlouisnews.sn\/index.php?rest_route=\/wp\/v2\/types\/post"}],"author":[{"embeddable":true,"href":"https:\/\/saintlouisnews.sn\/index.php?rest_route=\/wp\/v2\/users\/1"}],"replies":[{"embeddable":true,"href":"https:\/\/saintlouisnews.sn\/index.php?rest_route=%2Fwp%2Fv2%2Fcomments&post=6298"}],"version-history":[{"count":1,"href":"https:\/\/saintlouisnews.sn\/index.php?rest_route=\/wp\/v2\/posts\/6298\/revisions"}],"predecessor-version":[{"id":6300,"href":"https:\/\/saintlouisnews.sn\/index.php?rest_route=\/wp\/v2\/posts\/6298\/revisions\/6300"}],"wp:featuredmedia":[{"embeddable":true,"href":"https:\/\/saintlouisnews.sn\/index.php?rest_route=\/wp\/v2\/media\/6299"}],"wp:attachment":[{"href":"https:\/\/saintlouisnews.sn\/index.php?rest_route=%2Fwp%2Fv2%2Fmedia&parent=6298"}],"wp:term":[{"taxonomy":"category","embeddable":true,"href":"https:\/\/saintlouisnews.sn\/index.php?rest_route=%2Fwp%2Fv2%2Fcategories&post=6298"},{"taxonomy":"post_tag","embeddable":true,"href":"https:\/\/saintlouisnews.sn\/index.php?rest_route=%2Fwp%2Fv2%2Ftags&post=6298"}],"curies":[{"name":"wp","href":"https:\/\/api.w.org\/{rel}","templated":true}]}}