{"id":6301,"date":"2025-07-10T22:24:01","date_gmt":"2025-07-10T22:24:01","guid":{"rendered":"https:\/\/saintlouisnews.sn\/?p=6301"},"modified":"2025-07-10T22:26:41","modified_gmt":"2025-07-10T22:26:41","slug":"reforme-du-code-des-douane-le-cadre-juridique-passe-en-revue","status":"publish","type":"post","link":"https:\/\/saintlouisnews.sn\/?p=6301","title":{"rendered":"R\u00e9forme du code des douane : le cadre juridique pass\u00e9 en revue"},"content":{"rendered":"\n<p>La direction g\u00e9n\u00e9rale des douanes a initi\u00e9, jeudi \u00e0 Dakar, un atelier de partage dans l\u2019optique de passer en revue &nbsp;le cadre juridique du code des douanes datant de 2014, afin d\u2019adapter les textes aux mutations de l\u2019environnement \u00e9conomique et commercial, a constat\u00e9 l\u2019APS.<\/p>\n\n\n\n<p>L\u2019administration douani\u00e8re a opt\u00e9 pour une d\u00e9marche inclusive et participative dans l\u2019\u00e9laboration du nouveau texte en mettant \u00e0 contribution les observations des op\u00e9rateurs \u00e9conomiques, des commer\u00e7ants, des industriels, des organisations patronales ou encore des membres de la soci\u00e9t\u00e9 civile.<\/p>\n\n\n\n<p>L\u2019actuel code des douanes a marqu\u00e9 une \u00e9tape importante dans la modernisation de la l\u00e9gislation douani\u00e8re avec des innovations notables en mati\u00e8re de transparence, de simplification proc\u00e9durale et d\u2019assouplissement des r\u00e8gles de contentieux, contribuant positivement \u00e0 l\u2019environnement des affaires de son \u00e9poque, a rappel\u00e9 le directeur de cabinet du ministre des Finances et du Budget.<\/p>\n\n\n\n<p>\u2018\u2019Toutefois, apr\u00e8s plus de dix ann\u00e9es d\u2019application, il y\u2019a lieu d\u2019op\u00e9rer un alignement strat\u00e9gique en l\u2019adaptant aux r\u00e9alit\u00e9s \u00e9conomiques, juridiques, technologiques et environnementales\u2018\u2019, a indiqu\u00e9 Bassirou Sarr.<\/p>\n\n\n\n<p>Selon lui, la r\u00e9forme du code des douanes appara\u00eet comme une \u201dexigence strat\u00e9gique\u201d qui doit d\u00e9boucher sur un instrument juridique moderne, coh\u00e9rent et orient\u00e9 vers l\u2019avenir, capable de soutenir une douane efficace, \u00e9quitable et cr\u00e9dible.<\/p>\n\n\n\n<p>Le directeur g\u00e9n\u00e9ral des douanes a insist\u00e9 sur la n\u00e9cessit\u00e9 d\u2019un r\u00e9ajustement du cadre normatif de l\u2019\u00e9cosyst\u00e8me douanier par le contexte actuel, marqu\u00e9 par l\u2019exploitation des ressources p\u00e9troli\u00e8res et gazi\u00e8res.<\/p>\n\n\n\n<p>Babacar Mbaye a aussi \u00e9voqu\u00e9 les multiples innovations technologiques, l\u2019\u00e9mergence de nouvelles formes de criminalit\u00e9s et la fragilit\u00e9 des fronti\u00e8res.<\/p>\n\n\n\n<figure class=\"wp-block-image size-large\"><img loading=\"lazy\" decoding=\"async\" width=\"1024\" height=\"747\" src=\"https:\/\/saintlouisnews.sn\/wp-content\/uploads\/2025\/07\/douanes3-1024x747.png\" alt=\"\" class=\"wp-image-6305\" srcset=\"https:\/\/saintlouisnews.sn\/wp-content\/uploads\/2025\/07\/douanes3-1024x747.png 1024w, https:\/\/saintlouisnews.sn\/wp-content\/uploads\/2025\/07\/douanes3-300x219.png 300w, https:\/\/saintlouisnews.sn\/wp-content\/uploads\/2025\/07\/douanes3-768x561.png 768w, https:\/\/saintlouisnews.sn\/wp-content\/uploads\/2025\/07\/douanes3.png 1048w\" sizes=\"auto, (max-width: 1024px) 100vw, 1024px\" \/><\/figure>\n\n\n\n<p>\u2018\u2019En d\u00e9pit de ces d\u00e9fis, les douanes doivent pr\u00e9server l\u2019environnement des affaires par l\u2019octroi de r\u00e9gimes \u00e9conomiques attractifs mais aussi, par des offres de proc\u00e9dures douani\u00e8res modernes, flexibles et r\u00e9silientes\u2019\u2019, a-t-il soutenu.<\/p>\n\n\n\n<p>Plusieurs th\u00e9matiques, dont le commerce \u00e9lectronique, la facilitation, la simplification des proc\u00e9dures douani\u00e8res, la lutte contre les trafics illicites, le renforcement des sanctions, la r\u00e9duction des d\u00e9lais de traitement des transactions et le respect des droits des usagers seront pass\u00e9s en revue et analys\u00e9s au cours de cet atelier.<\/p>\n\n\n\n<p><\/p>\n","protected":false},"excerpt":{"rendered":"<p>La direction g\u00e9n\u00e9rale des douanes a initi\u00e9, jeudi \u00e0 Dakar, un atelier de partage dans l\u2019optique de passer en revue &nbsp;le cadre juridique du code des douanes datant de 2014, afin d\u2019adapter les textes aux mutations de l\u2019environnement \u00e9conomique et commercial, a constat\u00e9 l\u2019APS. L\u2019administration douani\u00e8re a opt\u00e9 pour une d\u00e9marche inclusive et participative dans &hellip;<\/p>\n","protected":false},"author":1,"featured_media":6302,"comment_status":"open","ping_status":"open","sticky":false,"template":"","format":"standard","meta":{"footnotes":""},"categories":[218,219,244],"tags":[],"class_list":["post-6301","post","type-post","status-publish","format-standard","has-post-thumbnail","hentry","category-a-laune","category-actualites","category-economie"],"_links":{"self":[{"href":"https:\/\/saintlouisnews.sn\/index.php?rest_route=\/wp\/v2\/posts\/6301","targetHints":{"allow":["GET"]}}],"collection":[{"href":"https:\/\/saintlouisnews.sn\/index.php?rest_route=\/wp\/v2\/posts"}],"about":[{"href":"https:\/\/saintlouisnews.sn\/index.php?rest_route=\/wp\/v2\/types\/post"}],"author":[{"embeddable":true,"href":"https:\/\/saintlouisnews.sn\/index.php?rest_route=\/wp\/v2\/users\/1"}],"replies":[{"embeddable":true,"href":"https:\/\/saintlouisnews.sn\/index.php?rest_route=%2Fwp%2Fv2%2Fcomments&post=6301"}],"version-history":[{"count":2,"href":"https:\/\/saintlouisnews.sn\/index.php?rest_route=\/wp\/v2\/posts\/6301\/revisions"}],"predecessor-version":[{"id":6306,"href":"https:\/\/saintlouisnews.sn\/index.php?rest_route=\/wp\/v2\/posts\/6301\/revisions\/6306"}],"wp:featuredmedia":[{"embeddable":true,"href":"https:\/\/saintlouisnews.sn\/index.php?rest_route=\/wp\/v2\/media\/6302"}],"wp:attachment":[{"href":"https:\/\/saintlouisnews.sn\/index.php?rest_route=%2Fwp%2Fv2%2Fmedia&parent=6301"}],"wp:term":[{"taxonomy":"category","embeddable":true,"href":"https:\/\/saintlouisnews.sn\/index.php?rest_route=%2Fwp%2Fv2%2Fcategories&post=6301"},{"taxonomy":"post_tag","embeddable":true,"href":"https:\/\/saintlouisnews.sn\/index.php?rest_route=%2Fwp%2Fv2%2Ftags&post=6301"}],"curies":[{"name":"wp","href":"https:\/\/api.w.org\/{rel}","templated":true}]}}