{"id":632,"date":"2022-09-11T09:26:25","date_gmt":"2022-09-11T09:26:25","guid":{"rendered":"https:\/\/saintlouisnews.sn\/?p=632"},"modified":"2022-09-11T09:26:25","modified_gmt":"2022-09-11T09:26:25","slug":"hady-tall-chef-service-orl-de-lhopital-regional-de-saint-louis","status":"publish","type":"post","link":"https:\/\/saintlouisnews.sn\/?p=632","title":{"rendered":"Hady TALL Chef Service ORL de l&rsquo;h\u00f4pital r\u00e9gional de Saint-Louis"},"content":{"rendered":"<p>Hady TALL Chef Service ORL de l&rsquo;h\u00f4pital r\u00e9gional de Saint-Louis<\/p>\n<p>Le poste de sant\u00e9 de Gandon a \u00e9t\u00e9 le lieu de rassemblement des populations venues des diff\u00e9rentes zones de la commune. Elles sont venues massivement pour la journ\u00e9e de consultations m\u00e9dicales initi\u00e9e par l&rsquo;ONG allemande DAHW, avec la participation remarqu\u00e9e des services de l&rsquo;Action sociale et celle de l&rsquo;association des personnes handicap\u00e9es de l&rsquo;Arrondissement de Rao et l&rsquo;appui financier de la mairie dirig\u00e9e par Mamadou Alpha DIOP. Au terme de la journ\u00e9e, Dr Hady TALL chef du Service ORL de l&rsquo;h\u00f4pital r\u00e9gional de Saint-Louis, a tir\u00e9 un bilan satisfaisant. Toutefois, il a signal\u00e9 que la consanguinit\u00e9 est \u00e0 l&rsquo;origine de certains cas de sourds-muets et r\u00e9v\u00e8le que certains enfants ont \u00e9t\u00e9 r\u00e9f\u00e9r\u00e9s..<\/p>\n","protected":false},"excerpt":{"rendered":"<p>Hady TALL Chef Service ORL de l&rsquo;h\u00f4pital r\u00e9gional de Saint-Louis Le poste de sant\u00e9 de Gandon a \u00e9t\u00e9 le lieu de rassemblement des populations venues des diff\u00e9rentes zones de la commune. Elles sont venues massivement pour la journ\u00e9e de consultations m\u00e9dicales initi\u00e9e par l&rsquo;ONG allemande DAHW, avec la participation remarqu\u00e9e des services de l&rsquo;Action sociale &hellip;<\/p>\n","protected":false},"author":1,"featured_media":634,"comment_status":"open","ping_status":"open","sticky":false,"template":"","format":"standard","meta":{"footnotes":""},"categories":[231],"tags":[],"class_list":["post-632","post","type-post","status-publish","format-standard","has-post-thumbnail","hentry","category-societe"],"_links":{"self":[{"href":"https:\/\/saintlouisnews.sn\/index.php?rest_route=\/wp\/v2\/posts\/632","targetHints":{"allow":["GET"]}}],"collection":[{"href":"https:\/\/saintlouisnews.sn\/index.php?rest_route=\/wp\/v2\/posts"}],"about":[{"href":"https:\/\/saintlouisnews.sn\/index.php?rest_route=\/wp\/v2\/types\/post"}],"author":[{"embeddable":true,"href":"https:\/\/saintlouisnews.sn\/index.php?rest_route=\/wp\/v2\/users\/1"}],"replies":[{"embeddable":true,"href":"https:\/\/saintlouisnews.sn\/index.php?rest_route=%2Fwp%2Fv2%2Fcomments&post=632"}],"version-history":[{"count":0,"href":"https:\/\/saintlouisnews.sn\/index.php?rest_route=\/wp\/v2\/posts\/632\/revisions"}],"wp:featuredmedia":[{"embeddable":true,"href":"https:\/\/saintlouisnews.sn\/index.php?rest_route=\/wp\/v2\/media\/634"}],"wp:attachment":[{"href":"https:\/\/saintlouisnews.sn\/index.php?rest_route=%2Fwp%2Fv2%2Fmedia&parent=632"}],"wp:term":[{"taxonomy":"category","embeddable":true,"href":"https:\/\/saintlouisnews.sn\/index.php?rest_route=%2Fwp%2Fv2%2Fcategories&post=632"},{"taxonomy":"post_tag","embeddable":true,"href":"https:\/\/saintlouisnews.sn\/index.php?rest_route=%2Fwp%2Fv2%2Ftags&post=632"}],"curies":[{"name":"wp","href":"https:\/\/api.w.org\/{rel}","templated":true}]}}