{"id":6400,"date":"2025-07-19T00:45:20","date_gmt":"2025-07-19T00:45:20","guid":{"rendered":"https:\/\/saintlouisnews.sn\/?p=6400"},"modified":"2025-07-19T00:53:08","modified_gmt":"2025-07-19T00:53:08","slug":"44eme-assemblee-generale-de-shelter-alger-2025-ladministrateur-du-fhs-ibrahima-diop-porte-la-voix-de-senegal","status":"publish","type":"post","link":"https:\/\/saintlouisnews.sn\/?p=6400","title":{"rendered":"44\u00e9me Assembl\u00e9e g\u00e9n\u00e9rale de Shelter (Alger 2025): Ibrahima DIOP Administrateur du FHS porte la voix du S\u00e9n\u00e9gal"},"content":{"rendered":"\n<p>La capitale alg\u00e9rienne, Alger, a abrit\u00e9 du 15 au 17 Juillet dernier, la 44\u00e9me Assembl\u00e9e g\u00e9n\u00e9rale Shelter Afrique. Le Fonds pour l\u2019Habitat social (FHS), repr\u00e9sent\u00e9 par son Administrateur,  Ibrahima Diop, a eu l\u2019honneur de porter la voix du S\u00e9n\u00e9gal \u00e0 travers le Minist\u00e8re de l\u2019Urbanisme, des Collectivit\u00e9s territoriales et de l\u2019Am\u00e9nagement des Territoires (MUCTAT). Cette rencontre continentale a r\u00e9uni les Ministres africains en charge du logement, les institutions financi\u00e8res et les principaux acteurs du secteur, afin de b\u00e2tir des solutions concert\u00e9es autour des grands d\u00e9fis :<\/p>\n\n\n\n<p>&#8211; acc\u00e8s au logement pour tous ;<\/p>\n\n\n\n<p>&#8211; r\u00e9g\u00e9n\u00e9ration urbaine ;<\/p>\n\n\n\n<p>&#8211; financement durable et inclusif.<\/p>\n\n\n\n<p>Au nom du S\u00e9n\u00e9gal, M. Ibrahima DIOP a, dans son intervention, pr\u00e9sent\u00e9 \u00ab\u00a0nos priorit\u00e9s \u00e0 travers le Programme national d\u2019Acc\u00e8s au Logement et de Renouveau Urbain (\ud835\udc0f\ud835\udc0d\ud835\udc00\ud835\udc0b\ud835\udc11\ud835\udc14)\u00a0\u00bb et promu des m\u00e9canismes financiers innovants, tels que \u00ab\u00a0la cr\u00e9ation d&rsquo;un v\u00e9hicule financier pour capter du foncier et le valoriser sur le march\u00e9 financier et d&rsquo;un fonds verts pour l\u2019habitat social durable\u00a0\u00bb et consolid\u00e9 des partenariats strat\u00e9giques avec les institutions panafricaines et internationales pour accompagner la transformation urbaine.<\/p>\n\n\n\n<p>\u00ab\u00a0Nous exprimons notre profonde gratitude \u00e0 Shelter Afrique et aux autorit\u00e9s alg\u00e9riennes pour la mise en place de cette plateforme de dialogue et de coop\u00e9ration en faveur d\u2019un habitat durable pour l\u2019Afrique\u00a0\u00bb, a d\u00e9clar\u00e9 M. Ibrahima DIOP qui a quitt\u00e9 la capitale alg\u00e9rienne tr\u00e8s optimiste. D&rsquo;ailleurs, il a rassur\u00e9 que le FHS, sous son impulsion, demeure pleinement engag\u00e9 \u00e0 faire du \u00ab\u00a0droit au logement une r\u00e9alit\u00e9\u00a0\u00bb, conform\u00e9ment \u00e0 la vision de Son Excellence Monsieur le Pr\u00e9sident de la R\u00e9publique et aux orientations du Gouvernement du S\u00e9n\u00e9gal. Ce qui entre en droite ligne \u00e0 la Vision S\u00e9n\u00e9gal 2050, agenda national de transformation pour une nation Souveraine, Juste et Prosp\u00e8re et ancr\u00e9e dans des valeurs fortes.<\/p>\n\n\n\n<p><\/p>\n","protected":false},"excerpt":{"rendered":"<p>La capitale alg\u00e9rienne, Alger, a abrit\u00e9 du 15 au 17 Juillet dernier, la 44\u00e9me Assembl\u00e9e g\u00e9n\u00e9rale Shelter Afrique. Le Fonds pour l\u2019Habitat social (FHS), repr\u00e9sent\u00e9 par son Administrateur, Ibrahima Diop, a eu l\u2019honneur de porter la voix du S\u00e9n\u00e9gal \u00e0 travers le Minist\u00e8re de l\u2019Urbanisme, des Collectivit\u00e9s territoriales et de l\u2019Am\u00e9nagement des Territoires (MUCTAT). Cette &hellip;<\/p>\n","protected":false},"author":1,"featured_media":6401,"comment_status":"open","ping_status":"open","sticky":false,"template":"","format":"standard","meta":{"footnotes":""},"categories":[218,219,231],"tags":[],"class_list":["post-6400","post","type-post","status-publish","format-standard","has-post-thumbnail","hentry","category-a-laune","category-actualites","category-societe"],"_links":{"self":[{"href":"https:\/\/saintlouisnews.sn\/index.php?rest_route=\/wp\/v2\/posts\/6400","targetHints":{"allow":["GET"]}}],"collection":[{"href":"https:\/\/saintlouisnews.sn\/index.php?rest_route=\/wp\/v2\/posts"}],"about":[{"href":"https:\/\/saintlouisnews.sn\/index.php?rest_route=\/wp\/v2\/types\/post"}],"author":[{"embeddable":true,"href":"https:\/\/saintlouisnews.sn\/index.php?rest_route=\/wp\/v2\/users\/1"}],"replies":[{"embeddable":true,"href":"https:\/\/saintlouisnews.sn\/index.php?rest_route=%2Fwp%2Fv2%2Fcomments&post=6400"}],"version-history":[{"count":4,"href":"https:\/\/saintlouisnews.sn\/index.php?rest_route=\/wp\/v2\/posts\/6400\/revisions"}],"predecessor-version":[{"id":6405,"href":"https:\/\/saintlouisnews.sn\/index.php?rest_route=\/wp\/v2\/posts\/6400\/revisions\/6405"}],"wp:featuredmedia":[{"embeddable":true,"href":"https:\/\/saintlouisnews.sn\/index.php?rest_route=\/wp\/v2\/media\/6401"}],"wp:attachment":[{"href":"https:\/\/saintlouisnews.sn\/index.php?rest_route=%2Fwp%2Fv2%2Fmedia&parent=6400"}],"wp:term":[{"taxonomy":"category","embeddable":true,"href":"https:\/\/saintlouisnews.sn\/index.php?rest_route=%2Fwp%2Fv2%2Fcategories&post=6400"},{"taxonomy":"post_tag","embeddable":true,"href":"https:\/\/saintlouisnews.sn\/index.php?rest_route=%2Fwp%2Fv2%2Ftags&post=6400"}],"curies":[{"name":"wp","href":"https:\/\/api.w.org\/{rel}","templated":true}]}}