{"id":6450,"date":"2025-07-27T22:34:18","date_gmt":"2025-07-27T22:34:18","guid":{"rendered":"https:\/\/saintlouisnews.sn\/?p=6450"},"modified":"2025-07-27T22:34:21","modified_gmt":"2025-07-27T22:34:21","slug":"presidence-fsf-abdoulaye-fall-candidat-nous-misons-sur-la-concertation-avec-les-acteurs-locaux","status":"publish","type":"post","link":"https:\/\/saintlouisnews.sn\/?p=6450","title":{"rendered":"Pr\u00e9sidence FSF : Abdoulaye Fall candidat \u00a0\u00abNous misons sur la concertation avec les acteurs locaux\u00bb"},"content":{"rendered":"\n<p><strong><em>Le pr\u00e9sident de la ligue r\u00e9gionale de football de Diourbel et de l\u2019AS Bambey qui a pr\u00e9sent\u00e9 son projet, estime que \u00ab\u00a0rien a \u00e9t\u00e9 improvis\u00e9\u00a0\u00bb. D\u2019ailleurs, il a signal\u00e9 que tout a \u00e9t\u00e9 mis en \u0153uvre. Il reste optimiste quant \u00e0 la victoire de la coalition \u00ab<\/em><\/strong> <strong><em>AF\u00bb  au soir du 2 Ao\u00fbt prochain du fait de l\u2019adh\u00e9sion massive des acteurs.<\/em><\/strong><\/p>\n\n\n\n<p>La vision du candidat Abdoulaye Fall de la \u00ab coalition AF \u00bb , \u00e0 travers le programme \u00ab\u00a0Contr\u00f4le \u2013Passe\u00a0\u00bb, a \u00e9t\u00e9 largement partag\u00e9e devant les acteurs du football venus des clubs de la r\u00e9gion de Saint-Louis. Les \u00e9changes entre le candidat Abdoulaye Fall et les acteurs, ont \u00e9t\u00e9 fructueux.\u00a0\u00ab\u00a0Nous \u00e9tions venus \u00e0 Saint-Louis pour \u00e9changer autour du programme \u00ab\u00a0Contr\u00f4le-Passe\u00a0\u00bb et de sa mise en \u0153uvre concr\u00e8te \u00e0 travers le projet Praxis.\u00a0Nous avons enregistr\u00e9 \u00e9norm\u00e9ment d&rsquo;interventions. J&rsquo;avoue que l&rsquo;\u00e9tape de Saint-Louis a \u00e9t\u00e9 une \u00e9tape tr\u00e8s importante. Ce qui nous a le plus fait plaisir, c&rsquo;est que les gens se sont appropri\u00e9s de ce projet. Nous avons not\u00e9 des in put et nous allons les int\u00e9grer d\u00e8s notre retour\u00a0\u00bb, a promis M. Fall qui compte apporter d&rsquo;innombrables innovations pour am\u00e9liorer les conditions des \u00e9quipes.<\/p>\n\n\n\n<figure class=\"wp-block-image size-large\"><img loading=\"lazy\" decoding=\"async\" width=\"1024\" height=\"683\" src=\"https:\/\/saintlouisnews.sn\/wp-content\/uploads\/2025\/07\/WhatsApp-Image-2025-07-27-a-18.15.01_7f276e78-1024x683.jpg\" alt=\"\" class=\"wp-image-6452\" srcset=\"https:\/\/saintlouisnews.sn\/wp-content\/uploads\/2025\/07\/WhatsApp-Image-2025-07-27-a-18.15.01_7f276e78-1024x683.jpg 1024w, https:\/\/saintlouisnews.sn\/wp-content\/uploads\/2025\/07\/WhatsApp-Image-2025-07-27-a-18.15.01_7f276e78-300x200.jpg 300w, https:\/\/saintlouisnews.sn\/wp-content\/uploads\/2025\/07\/WhatsApp-Image-2025-07-27-a-18.15.01_7f276e78-768x512.jpg 768w, https:\/\/saintlouisnews.sn\/wp-content\/uploads\/2025\/07\/WhatsApp-Image-2025-07-27-a-18.15.01_7f276e78.jpg 1080w\" sizes=\"auto, (max-width: 1024px) 100vw, 1024px\" \/><\/figure>\n\n\n\n<p>D\u2019apr\u00e8s lui, tout est mis sur orbite avec l&rsquo;implication de la base.&nbsp;\u00abNous misons sur la concertation avec les acteurs locaux. Nous comptons la maintenir si nous sommes \u00e9lu. Je signale que le projet \u00ab&nbsp;Contr\u00f4le-Passe&nbsp;\u00bb n\u2019est pas un simple catalogue d\u2019intentions, mais le fruit d\u2019un travail approfondi. Tout ce que nous faisons, nous ne l&rsquo;avons pas improvis\u00e9. Nous avons surtout \u00e9chang\u00e9 avec les acteurs et pris leurs pr\u00e9occupations dans le cadre de ce projet. Partout o\u00f9 nous sommes pass\u00e9s, les acteurs ont largement adh\u00e9r\u00e9 \u00e0 notre programme. A Saint-Louis, nous avons vu des acteurs engag\u00e9s, d\u00e9termin\u00e9s et responsables qui nous ont minutieusement \u00e9cout\u00e9s. Ce que nous avons, vu et entendu nous a rassur\u00e9&nbsp;\u00bb, s&rsquo;enorgueillit Abdoulaye Fall qui a magnifi\u00e9 le climat paisible qui a r\u00e9gn\u00e9 durant la rencontre qui a dur\u00e9 plus de 4 tours d&rsquo;horloge.<\/p>\n\n\n\n<p>Mettant en avant sa vision du d\u00e9veloppement du football s\u00e9n\u00e9galais, Abdoulaye Fall a insist\u00e9 sur l\u2019importance d\u2019un soutien concret aux structures de base, que sont les ligues et les clubs qui rencontrent beaucoup de probl\u00e8mes financiers. \u00ab\u00a0Avec un budget annonc\u00e9 de 10 milliards de francs CFA, notre programme vise \u00e0 offrir des r\u00e9ponses concr\u00e8tes et durables aux multiples d\u00e9fis que traverse le football s\u00e9n\u00e9galais dans son enti\u00e8ret\u00e9. Ce projet n\u2019est pas con\u00e7u pour s\u00e9duire, mais pour agir. Il est ambitieux, certes, mais r\u00e9aliste. Nous avons pris le temps de r\u00e9fl\u00e9chir, de consulter, et maintenant, nous passons \u00e0 l\u2019action. Nous allons descendre \u00e0 la base, impliquer les acteurs, \u00e9laborer des projets, trouver des financements, assurer la r\u00e9alisation pour le d\u00e9veloppement du football dans les contr\u00e9es les plus recul\u00e9es avec des infrastructures modernes\u00a0\u00bb, a annonc\u00e9 Abdoulaye Fall accompagn\u00e9 de l&rsquo;ancien international Kalidou Fadiga, Abdoulaye Seydou Sow, Seydina Issa Laye pr\u00e9sident 12 \u00e9me ga\u00efnd\u00e9 et plusieurs pr\u00e9sidents de clubs et experts du football. <\/p>\n\n\n\n<figure class=\"wp-block-image size-large\"><img loading=\"lazy\" decoding=\"async\" width=\"1024\" height=\"683\" src=\"https:\/\/saintlouisnews.sn\/wp-content\/uploads\/2025\/07\/WhatsApp-Image-2025-07-27-a-18.15.02_00013932-1024x683.jpg\" alt=\"\" class=\"wp-image-6453\" srcset=\"https:\/\/saintlouisnews.sn\/wp-content\/uploads\/2025\/07\/WhatsApp-Image-2025-07-27-a-18.15.02_00013932-1024x683.jpg 1024w, https:\/\/saintlouisnews.sn\/wp-content\/uploads\/2025\/07\/WhatsApp-Image-2025-07-27-a-18.15.02_00013932-300x200.jpg 300w, https:\/\/saintlouisnews.sn\/wp-content\/uploads\/2025\/07\/WhatsApp-Image-2025-07-27-a-18.15.02_00013932-768x512.jpg 768w, https:\/\/saintlouisnews.sn\/wp-content\/uploads\/2025\/07\/WhatsApp-Image-2025-07-27-a-18.15.02_00013932.jpg 1080w\" sizes=\"auto, (max-width: 1024px) 100vw, 1024px\" \/><\/figure>\n\n\n\n<p>Pour Abdoulaye Fall, le travail se fera en synergie avec tous les acteurs du football local \u00e0 travers les ligues, les clubs, les techniciens ainsi que les jeunes. Pour la suite, le pr\u00e9sident Fall reste confiant avant d&rsquo;encenser Bamba B\u00e2 \u00e9lu r\u00e9cemment pr\u00e9sident de la Ligue r\u00e9gionale de football de Saint-Louis. Pour ce dernier, non moins pr\u00e9sident de la Lingu\u00e9re de Saint-Louis, la candidature d&rsquo;Abdoulaye Fall est \u00a0l\u00e9gitime et cr\u00e9dible. Il promet d&rsquo;y s&rsquo;investir pleinement pour le porter \u00e0 la t\u00eate de la F\u00e9d\u00e9ration s\u00e9n\u00e9galaise de Football (FSF) au soir du 2 Ao\u00fbt prochain. \u00abAbdoulaye Fall conna\u00eet les r\u00e9alit\u00e9s du football \u00e0 la base. C\u2019est un homme de terrain qui est soutenu par ceux qui vivent du football\u00a0\u00bb, s\u2019est exclam\u00e9 le pr\u00e9sident de la Lingu\u00e8re de Saint-Louis qui est parvenu \u00e0 \u00ab\u00a0convaincre les plus sceptiques\u00a0\u00bb au profit de son candidat qui repart ragaillardi de la capitale du nord.<\/p>\n","protected":false},"excerpt":{"rendered":"<p>Le pr\u00e9sident de la ligue r\u00e9gionale de football de Diourbel et de l\u2019AS Bambey qui a pr\u00e9sent\u00e9 son projet, estime que \u00ab\u00a0rien a \u00e9t\u00e9 improvis\u00e9\u00a0\u00bb. D\u2019ailleurs, il a signal\u00e9 que tout a \u00e9t\u00e9 mis en \u0153uvre. Il reste optimiste quant \u00e0 la victoire de la coalition \u00ab AF\u00bb au soir du 2 Ao\u00fbt prochain du &hellip;<\/p>\n","protected":false},"author":1,"featured_media":6451,"comment_status":"open","ping_status":"open","sticky":false,"template":"","format":"standard","meta":{"footnotes":""},"categories":[218,219,243],"tags":[],"class_list":["post-6450","post","type-post","status-publish","format-standard","has-post-thumbnail","hentry","category-a-laune","category-actualites","category-sports"],"_links":{"self":[{"href":"https:\/\/saintlouisnews.sn\/index.php?rest_route=\/wp\/v2\/posts\/6450","targetHints":{"allow":["GET"]}}],"collection":[{"href":"https:\/\/saintlouisnews.sn\/index.php?rest_route=\/wp\/v2\/posts"}],"about":[{"href":"https:\/\/saintlouisnews.sn\/index.php?rest_route=\/wp\/v2\/types\/post"}],"author":[{"embeddable":true,"href":"https:\/\/saintlouisnews.sn\/index.php?rest_route=\/wp\/v2\/users\/1"}],"replies":[{"embeddable":true,"href":"https:\/\/saintlouisnews.sn\/index.php?rest_route=%2Fwp%2Fv2%2Fcomments&post=6450"}],"version-history":[{"count":1,"href":"https:\/\/saintlouisnews.sn\/index.php?rest_route=\/wp\/v2\/posts\/6450\/revisions"}],"predecessor-version":[{"id":6454,"href":"https:\/\/saintlouisnews.sn\/index.php?rest_route=\/wp\/v2\/posts\/6450\/revisions\/6454"}],"wp:featuredmedia":[{"embeddable":true,"href":"https:\/\/saintlouisnews.sn\/index.php?rest_route=\/wp\/v2\/media\/6451"}],"wp:attachment":[{"href":"https:\/\/saintlouisnews.sn\/index.php?rest_route=%2Fwp%2Fv2%2Fmedia&parent=6450"}],"wp:term":[{"taxonomy":"category","embeddable":true,"href":"https:\/\/saintlouisnews.sn\/index.php?rest_route=%2Fwp%2Fv2%2Fcategories&post=6450"},{"taxonomy":"post_tag","embeddable":true,"href":"https:\/\/saintlouisnews.sn\/index.php?rest_route=%2Fwp%2Fv2%2Ftags&post=6450"}],"curies":[{"name":"wp","href":"https:\/\/api.w.org\/{rel}","templated":true}]}}