{"id":6455,"date":"2025-07-28T00:27:41","date_gmt":"2025-07-28T00:27:41","guid":{"rendered":"https:\/\/saintlouisnews.sn\/?p=6455"},"modified":"2025-07-28T00:32:38","modified_gmt":"2025-07-28T00:32:38","slug":"journee-de-reboisement-a-saint-louis-balla-moussa-fofana-salue-limplication-des-ocb","status":"publish","type":"post","link":"https:\/\/saintlouisnews.sn\/?p=6455","title":{"rendered":"Journ\u00e9e de reboisement \u00e0 Saint-Louis : Balla Moussa Fofana salue l\u2019implication des OCB"},"content":{"rendered":"\n<p><strong><em>Balla&nbsp;Moussa Fofana,&nbsp;ministre de l\u2019Urbanisme, des Collectivit\u00e9s territoriales et de l\u2019Am\u00e9nagement du territoire,&nbsp;a pr\u00e9sid\u00e9&nbsp;\u00e0 Saint-Louis une vaste op\u00e9ration de reboisement.&nbsp;A Pikine Bas S\u00e9n\u00e9gal,&nbsp;il a salu\u00e9 l\u2019implication des communaut\u00e9s \u00e0 l\u2019occasion de la journ\u00e9e de plantation d\u2019arbres, dans le cadre de la campagne nationale \u00ab&nbsp;Naatal&nbsp;\u00bb.<\/em><\/strong><\/p>\n\n\n\n<p>Le tableau peint au quartier Pikine Bas S\u00e9n\u00e9gal, est loin d\u2019\u00eatre reluisant. \u00ab Notre quartier rencontre des probl\u00e8mes environnementaux. Depuis un certain temps, nous notons moins d&rsquo;arbres, constatons des sols ab\u00eem\u00e9s, peu d&rsquo;espaces verts et une grande vuln\u00e9rabilit\u00e9 aux inondations et \u00e0 la chaleur en ville. C&rsquo;est pourquoi, dans le programme national de restauration de la trame verte urbaine et de lutte contre les effets du changement climatique, lanc\u00e9 par le pr\u00e9sident Bassirou Diomaye Diakhar Faye, nous avons d\u00e9cid\u00e9 d&rsquo;organiser cette journ\u00e9e pour planter des arbres en pr\u00e9sence du ministre Balla Moussa Fofana. Nous sommes tr\u00e8s heureux de sa pr\u00e9sence qui montre que l&rsquo;\u00c9tat s&rsquo;engage aux c\u00f4t\u00e9s des habitants et soutient les actions locales men\u00e9es par les citoyens. C&rsquo;est un signe fort qui reconna\u00eet l&rsquo;importance des quartiers populaires dans les projets d&rsquo;am\u00e9nagement et de d\u00e9veloppement durable \u00bb, a soutenu Ibrahima Wade devant le ministre. Selon le pikinois, il faut \u00ab agir concr\u00e8tement pour rendre notre quartier plus agr\u00e9able \u00e0 vivre car planter des arbres est une solution pour mieux r\u00e9sister aux probl\u00e8mes urbains et d\u00e9fendre l&rsquo;environnement \u00bb.<\/p>\n\n\n\n<p>Pour Balla Moussa Fofana, ces initiatives communautaires saines, renforcent les liens entre les populations. \u00ab Des centaines de plants ont \u00e9t\u00e9 mis en terre avec la participation active des associations locales, des groupements de femmes et de jeunes. Nous saluons l\u2019implication des populations car la r\u00e9ussite de ces actions d\u00e9pend de la mobilisation citoyenne et du suivi assur\u00e9 par les communaut\u00e9s \u00bb, a rappel\u00e9 le ministre.Face \u00e0 l\u2019urgence climatique, M. Fofana est revenu sur le r\u00f4le central de l\u2019arbre dans la lutte contre le r\u00e9chauffement et ses impacts sanitaires et environnementaux avant d\u2019insister sur la n\u00e9cessit\u00e9 d\u2019assurer le suivi des plants mis en terre.  Le ministre qui s\u2019est rendu dans plusieurs endroits de Saint-Louis, notamment au quai de p\u00eache Masseck Ndiaye situ\u00e9 vers le camp militaire de l\u2019Ile Nord et au quartier Pikine. Le Mentalis (Terminalia mantaly), le cocotier (Cocos nucifera) sont, entre autres, les esp\u00e8ces v\u00e9g\u00e9tales qui ont \u00e9t\u00e9 choisies pour cette journ\u00e9e de reboisement.<\/p>\n\n\n\n<p>\u00c9tant donn\u00e9 le succ\u00e8s de cette premi\u00e8re \u00e9dition, Ibrahima Wade et ses camarades qui ont remerci\u00e9 M. Ibrahima Diop Administrateur du FHS, souhaitent que cette initiative se poursuive. \u00ab&nbsp;La journ\u00e9e de plantation d&rsquo;arbres ne doit pas \u00eatre un \u00e9v\u00e9nement unique, mais un rendez-vous semestriel, inscrit dans le calendrier local de Pikine. Nous pr\u00e9voyons de cr\u00e9er un comit\u00e9 de suivi pour veiller \u00e0 l&rsquo;entretien des arbres, d&rsquo;impliquer les Organisations communautaires de Base (OCB) dans un programme d&rsquo;adoption d&rsquo;arbres, et d&rsquo;int\u00e9grer la plantation d&rsquo;arbres dans un projet plus vaste de r\u00e9novation de notre digue et de nos espaces publics&nbsp;\u00bb, a plaid\u00e9 M Wade. Dans ce cadre, le ministre a rassur\u00e9 les populations. \u00ab Des campagnes similaires sont pr\u00e9vues chaque mois \u00e0 travers le pays afin de renforcer la r\u00e9silience environnementale et am\u00e9liorer le cadre de vie des populations \u00bb, a annonc\u00e9 Balla Moussa Fofana.<\/p>\n\n\n\n<p>Cette forte participation prouve que les populations de Pikine Bas S\u00e9n\u00e9gal sont conscientes des enjeux environnementaux et pr\u00eates \u00e0 s&rsquo;investir pour \u00ab\u00a0construire un quartier plus vert, plus sain et plus solide\u00a0\u00bb.<\/p>\n","protected":false},"excerpt":{"rendered":"<p>Balla&nbsp;Moussa Fofana,&nbsp;ministre de l\u2019Urbanisme, des Collectivit\u00e9s territoriales et de l\u2019Am\u00e9nagement du territoire,&nbsp;a pr\u00e9sid\u00e9&nbsp;\u00e0 Saint-Louis une vaste op\u00e9ration de reboisement.&nbsp;A Pikine Bas S\u00e9n\u00e9gal,&nbsp;il a salu\u00e9 l\u2019implication des communaut\u00e9s \u00e0 l\u2019occasion de la journ\u00e9e de plantation d\u2019arbres, dans le cadre de la campagne nationale \u00ab&nbsp;Naatal&nbsp;\u00bb. Le tableau peint au quartier Pikine Bas S\u00e9n\u00e9gal, est loin d\u2019\u00eatre reluisant. &hellip;<\/p>\n","protected":false},"author":1,"featured_media":6456,"comment_status":"open","ping_status":"open","sticky":false,"template":"","format":"standard","meta":{"footnotes":""},"categories":[218,219,231],"tags":[],"class_list":["post-6455","post","type-post","status-publish","format-standard","has-post-thumbnail","hentry","category-a-laune","category-actualites","category-societe"],"_links":{"self":[{"href":"https:\/\/saintlouisnews.sn\/index.php?rest_route=\/wp\/v2\/posts\/6455","targetHints":{"allow":["GET"]}}],"collection":[{"href":"https:\/\/saintlouisnews.sn\/index.php?rest_route=\/wp\/v2\/posts"}],"about":[{"href":"https:\/\/saintlouisnews.sn\/index.php?rest_route=\/wp\/v2\/types\/post"}],"author":[{"embeddable":true,"href":"https:\/\/saintlouisnews.sn\/index.php?rest_route=\/wp\/v2\/users\/1"}],"replies":[{"embeddable":true,"href":"https:\/\/saintlouisnews.sn\/index.php?rest_route=%2Fwp%2Fv2%2Fcomments&post=6455"}],"version-history":[{"count":2,"href":"https:\/\/saintlouisnews.sn\/index.php?rest_route=\/wp\/v2\/posts\/6455\/revisions"}],"predecessor-version":[{"id":6459,"href":"https:\/\/saintlouisnews.sn\/index.php?rest_route=\/wp\/v2\/posts\/6455\/revisions\/6459"}],"wp:featuredmedia":[{"embeddable":true,"href":"https:\/\/saintlouisnews.sn\/index.php?rest_route=\/wp\/v2\/media\/6456"}],"wp:attachment":[{"href":"https:\/\/saintlouisnews.sn\/index.php?rest_route=%2Fwp%2Fv2%2Fmedia&parent=6455"}],"wp:term":[{"taxonomy":"category","embeddable":true,"href":"https:\/\/saintlouisnews.sn\/index.php?rest_route=%2Fwp%2Fv2%2Fcategories&post=6455"},{"taxonomy":"post_tag","embeddable":true,"href":"https:\/\/saintlouisnews.sn\/index.php?rest_route=%2Fwp%2Fv2%2Ftags&post=6455"}],"curies":[{"name":"wp","href":"https:\/\/api.w.org\/{rel}","templated":true}]}}