{"id":6480,"date":"2025-08-01T20:39:39","date_gmt":"2025-08-01T20:39:39","guid":{"rendered":"https:\/\/saintlouisnews.sn\/?p=6480"},"modified":"2025-08-01T20:40:20","modified_gmt":"2025-08-01T20:40:20","slug":"youssou-nour-integre-lelite-mondiale-du-7e-art","status":"publish","type":"post","link":"https:\/\/saintlouisnews.sn\/?p=6480","title":{"rendered":"Youssou Nour int\u00e8gre l\u2019\u00e9lite mondiale du 7e art"},"content":{"rendered":"\n<p>La l\u00e9gende de la musique africaine et le r\u00e9alisateur Mamadou Dia ont \u00e9t\u00e9 invit\u00e9s \u00e0 rejoindre l\u2019Acad\u00e9mie des arts et des sciences du cin\u00e9ma, institution qui d\u00e9cerne les prestigieux Oscars.<\/p>\n","protected":false},"excerpt":{"rendered":"<p>La l\u00e9gende de la musique africaine et le r\u00e9alisateur Mamadou Dia ont \u00e9t\u00e9 invit\u00e9s \u00e0 rejoindre l\u2019Acad\u00e9mie des arts et des sciences du cin\u00e9ma, institution qui d\u00e9cerne les prestigieux Oscars.<\/p>\n","protected":false},"author":1,"featured_media":6481,"comment_status":"open","ping_status":"open","sticky":false,"template":"","format":"standard","meta":{"footnotes":""},"categories":[219],"tags":[],"class_list":["post-6480","post","type-post","status-publish","format-standard","has-post-thumbnail","hentry","category-actualites"],"_links":{"self":[{"href":"https:\/\/saintlouisnews.sn\/index.php?rest_route=\/wp\/v2\/posts\/6480","targetHints":{"allow":["GET"]}}],"collection":[{"href":"https:\/\/saintlouisnews.sn\/index.php?rest_route=\/wp\/v2\/posts"}],"about":[{"href":"https:\/\/saintlouisnews.sn\/index.php?rest_route=\/wp\/v2\/types\/post"}],"author":[{"embeddable":true,"href":"https:\/\/saintlouisnews.sn\/index.php?rest_route=\/wp\/v2\/users\/1"}],"replies":[{"embeddable":true,"href":"https:\/\/saintlouisnews.sn\/index.php?rest_route=%2Fwp%2Fv2%2Fcomments&post=6480"}],"version-history":[{"count":2,"href":"https:\/\/saintlouisnews.sn\/index.php?rest_route=\/wp\/v2\/posts\/6480\/revisions"}],"predecessor-version":[{"id":6483,"href":"https:\/\/saintlouisnews.sn\/index.php?rest_route=\/wp\/v2\/posts\/6480\/revisions\/6483"}],"wp:featuredmedia":[{"embeddable":true,"href":"https:\/\/saintlouisnews.sn\/index.php?rest_route=\/wp\/v2\/media\/6481"}],"wp:attachment":[{"href":"https:\/\/saintlouisnews.sn\/index.php?rest_route=%2Fwp%2Fv2%2Fmedia&parent=6480"}],"wp:term":[{"taxonomy":"category","embeddable":true,"href":"https:\/\/saintlouisnews.sn\/index.php?rest_route=%2Fwp%2Fv2%2Fcategories&post=6480"},{"taxonomy":"post_tag","embeddable":true,"href":"https:\/\/saintlouisnews.sn\/index.php?rest_route=%2Fwp%2Fv2%2Ftags&post=6480"}],"curies":[{"name":"wp","href":"https:\/\/api.w.org\/{rel}","templated":true}]}}