{"id":6484,"date":"2025-08-02T00:04:06","date_gmt":"2025-08-02T00:04:06","guid":{"rendered":"https:\/\/saintlouisnews.sn\/?p=6484"},"modified":"2025-08-02T00:04:09","modified_gmt":"2025-08-02T00:04:09","slug":"ameth-babou-meilleur-eleve-du-concours-general-2025","status":"publish","type":"post","link":"https:\/\/saintlouisnews.sn\/?p=6484","title":{"rendered":"Ameth Babou, Meilleur \u00e9l\u00e8ve du concours g\u00e9n\u00e9ral 2025"},"content":{"rendered":"\n<p>Il nous vient de la prestigieuse \u00e9cole Prytan\u00e9e militaire de Saint-Louis et est en premi\u00e8re S1. Il incarne avec brio cette jeunesse studieuse et prometteuse qui nourrit l\u2019espoir d\u2019un avenir meilleur pour le pays.<\/p>\n\n\n\n<p>D\u00e8s les premi\u00e8res ann\u00e9es de son parcours scolaire, Ahmed s\u2019est distingu\u00e9 par des r\u00e9sultats exceptionnels, affichant des moyennes impressionnantes, souvent au-del\u00e0 de 19 sur 20. Ce n\u2019est donc pas une surprise s\u2019il s\u2019est hiss\u00e9 au sommet lors du Concours g\u00e9n\u00e9ral 2025, devenant l\u2019un des \u00e9l\u00e8ves les plus titr\u00e9s de cette \u00e9dition. Il y a remport\u00e9 le premier prix en fran\u00e7ais et en espagnol, le troisi\u00e8me prix en math\u00e9matiques, ainsi que le troisi\u00e8me prix en citoyennet\u00e9 et droits de l\u2019homme. Une performance remarquable, fruit d\u2019un travail acharn\u00e9 et d\u2019une constance sans faille.<\/p>\n\n\n\n<p>Mais son excellence ne s\u2019arr\u00eate pas aux fronti\u00e8res nationales. D\u00e9j\u00e0 en classe de troisi\u00e8me, il remportait la m\u00e9daille de bronze aux Olympiades nationales de math\u00e9matiques. En seconde, il repr\u00e9sentait le S\u00e9n\u00e9gal aux Olympiades panafricaines \u00e0 Johannesburg, en ramenant une m\u00e9daille d\u2019argent. Et cette ann\u00e9e, en premi\u00e8re, il s\u2019est surpass\u00e9 en d\u00e9crochant la m\u00e9daille d\u2019or \u00e0 ces m\u00eames Olympiades, consacrant ainsi son g\u00e9nie math\u00e9matique sur le plan continental.<\/p>\n\n\n\n<p>Ameth n\u2019est pas seulement un \u00e9l\u00e8ve brillant, il est aussi un jeune profond\u00e9ment engag\u00e9. Conscient de la chance qu\u2019il a eue d\u2019\u00e9voluer dans un cadre \u00e9ducatif structur\u00e9, il nourrit une ambition claire : contribuer \u00e0 la transformation du syst\u00e8me \u00e9ducatif s\u00e9n\u00e9galais. Il voit dans le num\u00e9rique, les r\u00e9seaux sociaux et l\u2019intelligence artificielle des outils puissants pour d\u00e9mocratiser le savoir et moderniser l\u2019\u00e9cole. <\/p>\n\n\n\n<p>Pour lui, l\u2019\u00e9ducation ne doit pas simplement \u00eatre un droit, mais un levier de d\u00e9veloppement collectif et de justice sociale.<\/p>\n\n\n\n<p>Entour\u00e9 d\u2019enseignants rigoureux et bienveillants, soutenu par des camarades et un \u00e9tablissement fid\u00e8le \u00e0 sa devise, \u00abSavoir pour mieux servir \u00bb, Ameth Babou trace un chemin qui force le respect. Il incarne cette jeunesse disciplin\u00e9e, responsable et r\u00e9solument tourn\u00e9e vers l\u2019avenir. <\/p>\n\n\n\n<p>Son histoire est celle d\u2019un \u00e9l\u00e8ve, mais aussi celle d\u2019un futur leader au service du S\u00e9n\u00e9gal.<\/p>\n\n\n\n<p>F\u00e9licitations \u00e0 ses enseignants, encadreurs et ses parents ! Plein succ\u00e8s pour la suite.<\/p>\n","protected":false},"excerpt":{"rendered":"<p>Il nous vient de la prestigieuse \u00e9cole Prytan\u00e9e militaire de Saint-Louis et est en premi\u00e8re S1. Il incarne avec brio cette jeunesse studieuse et prometteuse qui nourrit l\u2019espoir d\u2019un avenir meilleur pour le pays. D\u00e8s les premi\u00e8res ann\u00e9es de son parcours scolaire, Ahmed s\u2019est distingu\u00e9 par des r\u00e9sultats exceptionnels, affichant des moyennes impressionnantes, souvent au-del\u00e0 &hellip;<\/p>\n","protected":false},"author":1,"featured_media":6197,"comment_status":"open","ping_status":"open","sticky":false,"template":"","format":"standard","meta":{"footnotes":""},"categories":[218,219,231],"tags":[],"class_list":["post-6484","post","type-post","status-publish","format-standard","has-post-thumbnail","hentry","category-a-laune","category-actualites","category-societe"],"_links":{"self":[{"href":"https:\/\/saintlouisnews.sn\/index.php?rest_route=\/wp\/v2\/posts\/6484","targetHints":{"allow":["GET"]}}],"collection":[{"href":"https:\/\/saintlouisnews.sn\/index.php?rest_route=\/wp\/v2\/posts"}],"about":[{"href":"https:\/\/saintlouisnews.sn\/index.php?rest_route=\/wp\/v2\/types\/post"}],"author":[{"embeddable":true,"href":"https:\/\/saintlouisnews.sn\/index.php?rest_route=\/wp\/v2\/users\/1"}],"replies":[{"embeddable":true,"href":"https:\/\/saintlouisnews.sn\/index.php?rest_route=%2Fwp%2Fv2%2Fcomments&post=6484"}],"version-history":[{"count":1,"href":"https:\/\/saintlouisnews.sn\/index.php?rest_route=\/wp\/v2\/posts\/6484\/revisions"}],"predecessor-version":[{"id":6485,"href":"https:\/\/saintlouisnews.sn\/index.php?rest_route=\/wp\/v2\/posts\/6484\/revisions\/6485"}],"wp:featuredmedia":[{"embeddable":true,"href":"https:\/\/saintlouisnews.sn\/index.php?rest_route=\/wp\/v2\/media\/6197"}],"wp:attachment":[{"href":"https:\/\/saintlouisnews.sn\/index.php?rest_route=%2Fwp%2Fv2%2Fmedia&parent=6484"}],"wp:term":[{"taxonomy":"category","embeddable":true,"href":"https:\/\/saintlouisnews.sn\/index.php?rest_route=%2Fwp%2Fv2%2Fcategories&post=6484"},{"taxonomy":"post_tag","embeddable":true,"href":"https:\/\/saintlouisnews.sn\/index.php?rest_route=%2Fwp%2Fv2%2Ftags&post=6484"}],"curies":[{"name":"wp","href":"https:\/\/api.w.org\/{rel}","templated":true}]}}