{"id":6495,"date":"2025-08-03T11:26:13","date_gmt":"2025-08-03T11:26:13","guid":{"rendered":"https:\/\/saintlouisnews.sn\/?p=6495"},"modified":"2025-08-03T12:24:44","modified_gmt":"2025-08-03T12:24:44","slug":"abdoulaye-fall-elu-president-de-la-fsf-appelle-a-lunite-et-a-la-stabilite","status":"publish","type":"post","link":"https:\/\/saintlouisnews.sn\/?p=6495","title":{"rendered":"Abdoulaye Fall \u00e9lu pr\u00e9sident de la FSF appelle \u00e0 l&rsquo;unit\u00e9 et \u00e0 la stabilit\u00e9"},"content":{"rendered":"\n<p>Le pr\u00e9sident de la Ligue de Diourbel, l\u2019inspecteur du Tr\u00e9sor Abdoulaye Fall a \u00e9t\u00e9 \u00e9lu dimanche dans la matin\u00e9e, nouveau pr\u00e9sident de la F\u00e9d\u00e9ration s\u00e9n\u00e9galaise de football (FSF), pour un mandat de quatre ans.<\/p>\n\n\n\n<p><strong>Abdoulaye Fall<\/strong>, r\u00e9cemment \u00e9lu \u00e0 la t\u00eate de la&nbsp;<strong>F\u00e9d\u00e9ration S\u00e9n\u00e9galaise de Football (FSF)<\/strong>, a publi\u00e9 un message post-\u00e9lection dans lequel il exprime sa gratitude et trace les premi\u00e8res lignes de son mandat.<\/p>\n\n\n\n<p>Dans un communiqu\u00e9 publi\u00e9 sur ses r\u00e9seaux, le nouveau pr\u00e9sident a remerci\u00e9 les acteurs du football s\u00e9n\u00e9galais pour leur confiance. Il a d\u00e9clar\u00e9 d\u00e9dier son mandat \u00e0&nbsp;<strong>\u00ab l\u2019unit\u00e9 et la stabilit\u00e9 du football s\u00e9n\u00e9galais \u00bb<\/strong>, et a tenu \u00e0 associer \u00ab tous les acteurs de la base, aux clubs, aux ligues, aux supporters, et \u00e0 chaque passionn\u00e9 qui croit en un avenir meilleur pour notre football \u00bb.<\/p>\n\n\n\n<p>Abdoulaye Fall a \u00e9galement affirm\u00e9 que&nbsp;<strong>\u00ab le travail commence d\u00e8s \u00e0 pr\u00e9sent \u00bb<\/strong>&nbsp;et a conclu en lan\u00e7ant un appel \u00e0 l&rsquo;action collective :&nbsp;<strong>\u00ab Construisons un football plus fort, plus juste et plus ambitieux au tour du contr\u00f4le passe \u00bb<\/strong>.<\/p>\n\n\n\n<p>Cette d\u00e9claration marque le coup d&rsquo;envoi du mandat d&rsquo;Abdoulaye Fall, dont les premi\u00e8res actions seront scrut\u00e9es avec attention par l&rsquo;ensemble du monde du football s\u00e9n\u00e9galais.<\/p>\n\n\n\n<p><strong><em>Mady Tour\u00e9 parle de \u00ab\u00a0corruption\u00a0\u00bb et interpelle l&rsquo;\u00c9tat <\/em><\/strong><\/p>\n\n\n\n<p>Au deuxi\u00e8me tour, Abdoulaye Fall a obtenu 322 voix contre 30 voix pour Mady Tour\u00e9. Au total, 16 bulletins nuls ont \u00e9t\u00e9 comptabilis\u00e9s lors de ce deuxi\u00e8me tour.<\/p>\n\n\n\n<p>Arriv\u00e9 deuxi\u00e8me au premier tour de l\u2019\u00e9lection \u00e0 la pr\u00e9sidence de la F\u00e9d\u00e9ration s\u00e9n\u00e9galaise de football, le pr\u00e9sident de G\u00e9n\u00e9ration foot Mady Tour\u00e9, s\u2019est retir\u00e9 du processus \u00e9lectoral.<\/p>\n\n\n\n<p>M. Tour\u00e9 a accus\u00e9 le camp d\u2019Abdoulaye Fall de \u201dcorruption\u201d, appelant l\u2019Etat \u201d\u00e0 prendre ses responsabilit\u00e9s\u201d.<\/p>\n\n\n\n<p>L\u2019Assembl\u00e9e g\u00e9n\u00e9rale \u00e9lective de la F\u00e9d\u00e9ration s\u00e9n\u00e9galaise de football(FSF), a d\u00e9marr\u00e9 samedi peu apr\u00e8s 14 heures au Centre international de conf\u00e9rence Abdou Diouf de Diamniadio (CICAD).<\/p>\n\n\n\n<p>La ministre de la Jeunesse, des Sports et de la Culture, Khady Di\u00e8ne Gaye, a pr\u00e9sid\u00e9 la c\u00e9r\u00e9monie d\u2019ouverture, en pr\u00e9sence des repr\u00e9sentants de la FIFA, de la Conf\u00e9d\u00e9ration africaine de football (CAF), du Comit\u00e9 national olympique et sportif s\u00e9n\u00e9galais (CNOSS).<\/p>\n\n\n\n<p>Cinq candidats \u00e9taient en lice pour le poste de pr\u00e9sident de la FSF. Il s\u2019agit du pr\u00e9sident sortant Ma\u00eetre Augustin Senghor, Mady Tour\u00e9 de G\u00e9n\u00e9ration football, Me Moustapha Kamara, Oumar Ndiaye, Aliou Goloko, Abdou Thierry Camara et Abdoulaye Fall.<\/p>\n\n\n\n<p><strong><em>Sont \u00e9lus membre du Comit\u00e9 ex\u00e9cutif de la FSF<\/em><\/strong><\/p>\n\n\n\n<p>Pr\u00e9sident : Abdoulaye Fall<\/p>\n\n\n\n<p>1er VP: Babacar Ndiaye Ligue Pro<\/p>\n\n\n\n<p>2\u00e9me VP: Thierno Dian\u00e9 LFA<\/p>\n\n\n\n<p>3\u00e9me VP: Papa Sidy Lo, Ligues r\u00e9gionales 4\u00e9me VP: El H Amadou Kane ONCAV<\/p>\n\n\n\n<p>5\u00e9me VP: Elimane Abou Lam Club amateur 6\u00e9me VP: Cheikh T. Seck anciens internationaux<\/p>\n\n\n\n<p>Ligues r\u00e9gionales:<\/p>\n\n\n\n<p>Ablaye Ciss\u00e9: Dakar<\/p>\n\n\n\n<p>Bacary Ciss\u00e9:  Ziguinchor<\/p>\n\n\n\n<p>Bamba Ba Saint-Louis<\/p>\n\n\n\n<p>Mouhamed Samb : Louga&#8230;&#8230;&#8230;&#8230;..<\/p>\n\n\n\n<p>Foot f\u00e9minin:Henriette&#8230;&#8230;&#8230;..<\/p>\n\n\n\n<p>L1: Seydou San\u00e9  Casa Sport<\/p>\n\n\n\n<p>Oumar Samb: Sonacos Diourbel<\/p>\n\n\n\n<p>Modou Fall: As Pikine&#8230;&#8230;&#8230;&#8230;.<\/p>\n\n\n\n<p>L2: Moussa Mbaye<\/p>\n\n\n\n<p> Ndiam\u00e9 Diop RS Yoff &#8230;&#8230;&#8230;&#8230;.<\/p>\n\n\n\n<p>Foot sp\u00e9cifique:Oumar Ndiaye Omez Beach Soccer&#8230;&#8230;&#8230;&#8230;.<\/p>\n\n\n\n<p>Arbitre:Malang Di\u00e9dhiou CCA &#8230;&#8230;&#8230;.<\/p>\n\n\n\n<p>M\u00e9decin:Dr Babacar Ngom<\/p>\n","protected":false},"excerpt":{"rendered":"<p>Le pr\u00e9sident de la Ligue de Diourbel, l\u2019inspecteur du Tr\u00e9sor Abdoulaye Fall a \u00e9t\u00e9 \u00e9lu dimanche dans la matin\u00e9e, nouveau pr\u00e9sident de la F\u00e9d\u00e9ration s\u00e9n\u00e9galaise de football (FSF), pour un mandat de quatre ans. Abdoulaye Fall, r\u00e9cemment \u00e9lu \u00e0 la t\u00eate de la&nbsp;F\u00e9d\u00e9ration S\u00e9n\u00e9galaise de Football (FSF), a publi\u00e9 un message post-\u00e9lection dans lequel il &hellip;<\/p>\n","protected":false},"author":1,"featured_media":6500,"comment_status":"open","ping_status":"open","sticky":false,"template":"","format":"standard","meta":{"footnotes":""},"categories":[218,219,243],"tags":[],"class_list":["post-6495","post","type-post","status-publish","format-standard","has-post-thumbnail","hentry","category-a-laune","category-actualites","category-sports"],"_links":{"self":[{"href":"https:\/\/saintlouisnews.sn\/index.php?rest_route=\/wp\/v2\/posts\/6495","targetHints":{"allow":["GET"]}}],"collection":[{"href":"https:\/\/saintlouisnews.sn\/index.php?rest_route=\/wp\/v2\/posts"}],"about":[{"href":"https:\/\/saintlouisnews.sn\/index.php?rest_route=\/wp\/v2\/types\/post"}],"author":[{"embeddable":true,"href":"https:\/\/saintlouisnews.sn\/index.php?rest_route=\/wp\/v2\/users\/1"}],"replies":[{"embeddable":true,"href":"https:\/\/saintlouisnews.sn\/index.php?rest_route=%2Fwp%2Fv2%2Fcomments&post=6495"}],"version-history":[{"count":2,"href":"https:\/\/saintlouisnews.sn\/index.php?rest_route=\/wp\/v2\/posts\/6495\/revisions"}],"predecessor-version":[{"id":6502,"href":"https:\/\/saintlouisnews.sn\/index.php?rest_route=\/wp\/v2\/posts\/6495\/revisions\/6502"}],"wp:featuredmedia":[{"embeddable":true,"href":"https:\/\/saintlouisnews.sn\/index.php?rest_route=\/wp\/v2\/media\/6500"}],"wp:attachment":[{"href":"https:\/\/saintlouisnews.sn\/index.php?rest_route=%2Fwp%2Fv2%2Fmedia&parent=6495"}],"wp:term":[{"taxonomy":"category","embeddable":true,"href":"https:\/\/saintlouisnews.sn\/index.php?rest_route=%2Fwp%2Fv2%2Fcategories&post=6495"},{"taxonomy":"post_tag","embeddable":true,"href":"https:\/\/saintlouisnews.sn\/index.php?rest_route=%2Fwp%2Fv2%2Ftags&post=6495"}],"curies":[{"name":"wp","href":"https:\/\/api.w.org\/{rel}","templated":true}]}}