{"id":6555,"date":"2025-08-15T01:55:58","date_gmt":"2025-08-15T01:55:58","guid":{"rendered":"https:\/\/saintlouisnews.sn\/?p=6555"},"modified":"2025-08-15T02:02:19","modified_gmt":"2025-08-15T02:02:19","slug":"mr-bamba-ba-president-de-la-linguere-honore-amara-traore","status":"publish","type":"post","link":"https:\/\/saintlouisnews.sn\/?p=6555","title":{"rendered":"M. Bamba B\u00c2 pr\u00e9sident de la Lingu\u00e8re honore M. Amara TRAOR\u00c9"},"content":{"rendered":"\n<p>Le pr\u00e9sident de la Lingu\u00e8re et de la Ligue r\u00e9gionale de Football M. Bamba B\u00c2 compte honorer un digne fils du club \u00e0 savoir M. Amra TRAOR\u00c9 qui a tout donn\u00e9 \u00e0 l&rsquo;\u00e9quipe phare de la vieille ville.<\/p>\n\n\n\n<p>L&rsquo;ancien canonnier de Gueugnon a connu une trajectoire unique au sein de la Lingu\u00e9re de Saint-Louis. Il a \u00e9t\u00e9 d&rsquo;abord supporter, puis joueur ,m\u00e9c\u00e8ne, entra\u00eeneur et enfin pr\u00e9sident. Bamba B\u00c2 pr\u00e9sident de la Lingu\u00e8re organise un tournoi de solidarit\u00e9 pour rendre un hommage m\u00e9rit\u00e9 \u00e0 l&rsquo;ancien s\u00e9lectionneur de l&rsquo;\u00e9quipe nationale.<\/p>\n\n\n\n<figure class=\"wp-block-image size-full is-resized\"><img loading=\"lazy\" decoding=\"async\" width=\"676\" height=\"960\" src=\"https:\/\/saintlouisnews.sn\/wp-content\/uploads\/2025\/08\/532346029_3679138788897780_4814247164843317975_n.jpg\" alt=\"\" class=\"wp-image-6556\" style=\"width:822px;height:auto\" srcset=\"https:\/\/saintlouisnews.sn\/wp-content\/uploads\/2025\/08\/532346029_3679138788897780_4814247164843317975_n.jpg 676w, https:\/\/saintlouisnews.sn\/wp-content\/uploads\/2025\/08\/532346029_3679138788897780_4814247164843317975_n-211x300.jpg 211w\" sizes=\"auto, (max-width: 676px) 100vw, 676px\" \/><\/figure>\n","protected":false},"excerpt":{"rendered":"<p>Le pr\u00e9sident de la Lingu\u00e8re et de la Ligue r\u00e9gionale de Football M. Bamba B\u00c2 compte honorer un digne fils du club \u00e0 savoir M. Amra TRAOR\u00c9 qui a tout donn\u00e9 \u00e0 l&rsquo;\u00e9quipe phare de la vieille ville. L&rsquo;ancien canonnier de Gueugnon a connu une trajectoire unique au sein de la Lingu\u00e9re de Saint-Louis. Il &hellip;<\/p>\n","protected":false},"author":1,"featured_media":6559,"comment_status":"open","ping_status":"open","sticky":false,"template":"","format":"standard","meta":{"footnotes":""},"categories":[218,219,243],"tags":[],"class_list":["post-6555","post","type-post","status-publish","format-standard","has-post-thumbnail","hentry","category-a-laune","category-actualites","category-sports"],"_links":{"self":[{"href":"https:\/\/saintlouisnews.sn\/index.php?rest_route=\/wp\/v2\/posts\/6555","targetHints":{"allow":["GET"]}}],"collection":[{"href":"https:\/\/saintlouisnews.sn\/index.php?rest_route=\/wp\/v2\/posts"}],"about":[{"href":"https:\/\/saintlouisnews.sn\/index.php?rest_route=\/wp\/v2\/types\/post"}],"author":[{"embeddable":true,"href":"https:\/\/saintlouisnews.sn\/index.php?rest_route=\/wp\/v2\/users\/1"}],"replies":[{"embeddable":true,"href":"https:\/\/saintlouisnews.sn\/index.php?rest_route=%2Fwp%2Fv2%2Fcomments&post=6555"}],"version-history":[{"count":3,"href":"https:\/\/saintlouisnews.sn\/index.php?rest_route=\/wp\/v2\/posts\/6555\/revisions"}],"predecessor-version":[{"id":6561,"href":"https:\/\/saintlouisnews.sn\/index.php?rest_route=\/wp\/v2\/posts\/6555\/revisions\/6561"}],"wp:featuredmedia":[{"embeddable":true,"href":"https:\/\/saintlouisnews.sn\/index.php?rest_route=\/wp\/v2\/media\/6559"}],"wp:attachment":[{"href":"https:\/\/saintlouisnews.sn\/index.php?rest_route=%2Fwp%2Fv2%2Fmedia&parent=6555"}],"wp:term":[{"taxonomy":"category","embeddable":true,"href":"https:\/\/saintlouisnews.sn\/index.php?rest_route=%2Fwp%2Fv2%2Fcategories&post=6555"},{"taxonomy":"post_tag","embeddable":true,"href":"https:\/\/saintlouisnews.sn\/index.php?rest_route=%2Fwp%2Fv2%2Ftags&post=6555"}],"curies":[{"name":"wp","href":"https:\/\/api.w.org\/{rel}","templated":true}]}}