{"id":7227,"date":"2025-09-06T23:38:36","date_gmt":"2025-09-06T23:38:36","guid":{"rendered":"https:\/\/saintlouisnews.sn\/?p=7227"},"modified":"2025-09-06T23:38:40","modified_gmt":"2025-09-06T23:38:40","slug":"remaniement-ministeriel-voici-la-composition-du-nouveau-gouvernement","status":"publish","type":"post","link":"https:\/\/saintlouisnews.sn\/?p=7227","title":{"rendered":"Remaniement minist\u00e9riel : Voici la composition du nouveau gouvernement"},"content":{"rendered":"\n<p>Le pr\u00e9sident de la R\u00e9publique a rendu publique, samedi, soir la liste du nouveau gouvernement dirig\u00e9e par le Premier ministre Ousmane Sonko marqu\u00e9e par la nomination de Mme Yassine Fall au minist\u00e8re de la Justice en remplacement de Ousmane Diagne. La plupart des ministres et secr\u00e9taires d\u2019Etat conservent leurs porte-feuilles.<\/p>\n\n\n\n<p>Cheikh Niang remplace Yassine Fall au minist\u00e8re de l\u2019Int\u00e9gration africaine et des Affaires \u00e9trang\u00e8res.D\u00e9thi\u00e9 Fall, un alli\u00e9 de la majorit\u00e9 pr\u00e9sidentielle, rentre au gouvernement en occupant le poste de ministre des Infrastructures.<\/p>\n\n\n\n<p>L\u2019avocat Me Bamba Ciss\u00e9 est le nouveau ministre de l\u2019Int\u00e9rieur en remplacement de Jean Baptiste Tine.<\/p>\n\n\n\n<p>Voici la composition de la nouvelle \u00e9quipe gouvernementale dirig\u00e9e par Ousmane Sonko<\/p>\n\n\n\n<p>Mme Yassine Fall \u2014 Justice, Garde des Sceaux\u2022 <\/p>\n\n\n\n<p>M. Birame Souley Diop \u2014 \u00c9nergie, P\u00e9trole et Mines\u2022 <\/p>\n\n\n\n<p>M. Cheikh Niane \u2014 Int\u00e9gration africaine, Affaires \u00e9trang\u00e8res et S\u00e9n\u00e9galais de l\u2019ext\u00e9rieur\u2022 <\/p>\n\n\n\n<p>M. Birame Diop \u2014 Forces arm\u00e9es\u2022 <\/p>\n\n\n\n<p>M. Mohamedou Bamba Siss\u00e9 \u2014 Int\u00e9rieur et S\u00e9curit\u00e9 publique\u2022 <\/p>\n\n\n\n<p>M. Abdourahmane Sarr\u2014 \u00c9conomie, Plan et Coop\u00e9ration\u2022 <\/p>\n\n\n\n<p>M. Cheikh Diba \u2014 Finances et Budget\u2022 <\/p>\n\n\n\n<p>M. Daouda Ngom\u2014 Enseignement sup\u00e9rieur, Recherche et Innovation\u2022 <\/p>\n\n\n\n<p>M. Yankhoba Diem\u00e9 \u2014 Transports terrestres et a\u00e9riens\u2022 <\/p>\n\n\n\n<p>M. Alioune Sall \u2014 Communication, T\u00e9l\u00e9communications et Num\u00e9rique\u2022 <\/p>\n\n\n\n<p>M. Moustapha Guirassy\u2014 \u00c9ducation nationale\u2022 <\/p>\n\n\n\n<p>Mme Mabouba Diagne \u2014 Agriculture, Souverainet\u00e9 alimentaire et \u00c9levage\u2022 <\/p>\n\n\n\n<p>M. Cheikh Tidjane Dieye \u2014 Hydraulique et Assainissement\u2022 <\/p>\n\n\n\n<p>M. Ibrahima Sy \u2014 Sant\u00e9 et Hygi\u00e8ne publique\u2022 <\/p>\n\n\n\n<p>Mme Ma\u00efmouna Di\u00e9ye \u2014 Famille, Action sociale et Solidarit\u00e9\u2022 <\/p>\n\n\n\n<p>M. Amadou Moustapha Ndiak Sar\u00e9 \u2014 Emploi et Formation professionnelle et technique\u2022 <\/p>\n\n\n\n<p>M. Elhadj Abdourahman Diouf \u2014 Environnement et Transition \u00e9cologique\u2022 M. Bala Moussa Fofana \u2014 Urbanisme, Collectivit\u00e9s territoriales et Am\u00e9nagement du territoire\u2022 <\/p>\n\n\n\n<p>M. Serigne Gueye Diop \u2014 Industrie et Commerce\u2022 <\/p>\n\n\n\n<p>Mme Fatou Diouf \u2014 P\u00eaches et \u00c9conomie maritime\u2022 <\/p>\n\n\n\n<p>M. Olivier Bocal \u2014 Fonction publique, Travail et R\u00e9forme du service public\u2022 <\/p>\n\n\n\n<p>Mme Khady Di\u00e9ne Gaye \u2014 Jeunesse et Sports\u2022 <\/p>\n\n\n\n<p>M. Alioune Dione \u2014 Microfinance et \u00c9conomie sociale et solidaire\u2022 <\/p>\n\n\n\n<p>M. D\u00e9thi\u00e9 \u2014 Infrastructures\u2022 <\/p>\n\n\n\n<p>M. Amadou B\u00e2 \u2014 Culture, Artisanat et Tourisme<\/p>\n\n\n\n<p><\/p>\n\n\n\n<p><\/p>\n","protected":false},"excerpt":{"rendered":"<p>Le pr\u00e9sident de la R\u00e9publique a rendu publique, samedi, soir la liste du nouveau gouvernement dirig\u00e9e par le Premier ministre Ousmane Sonko marqu\u00e9e par la nomination de Mme Yassine Fall au minist\u00e8re de la Justice en remplacement de Ousmane Diagne. La plupart des ministres et secr\u00e9taires d\u2019Etat conservent leurs porte-feuilles. Cheikh Niang remplace Yassine Fall &hellip;<\/p>\n","protected":false},"author":1,"featured_media":7228,"comment_status":"open","ping_status":"open","sticky":false,"template":"","format":"standard","meta":{"footnotes":""},"categories":[218,219,228],"tags":[],"class_list":["post-7227","post","type-post","status-publish","format-standard","has-post-thumbnail","hentry","category-a-laune","category-actualites","category-politique"],"_links":{"self":[{"href":"https:\/\/saintlouisnews.sn\/index.php?rest_route=\/wp\/v2\/posts\/7227","targetHints":{"allow":["GET"]}}],"collection":[{"href":"https:\/\/saintlouisnews.sn\/index.php?rest_route=\/wp\/v2\/posts"}],"about":[{"href":"https:\/\/saintlouisnews.sn\/index.php?rest_route=\/wp\/v2\/types\/post"}],"author":[{"embeddable":true,"href":"https:\/\/saintlouisnews.sn\/index.php?rest_route=\/wp\/v2\/users\/1"}],"replies":[{"embeddable":true,"href":"https:\/\/saintlouisnews.sn\/index.php?rest_route=%2Fwp%2Fv2%2Fcomments&post=7227"}],"version-history":[{"count":1,"href":"https:\/\/saintlouisnews.sn\/index.php?rest_route=\/wp\/v2\/posts\/7227\/revisions"}],"predecessor-version":[{"id":7229,"href":"https:\/\/saintlouisnews.sn\/index.php?rest_route=\/wp\/v2\/posts\/7227\/revisions\/7229"}],"wp:featuredmedia":[{"embeddable":true,"href":"https:\/\/saintlouisnews.sn\/index.php?rest_route=\/wp\/v2\/media\/7228"}],"wp:attachment":[{"href":"https:\/\/saintlouisnews.sn\/index.php?rest_route=%2Fwp%2Fv2%2Fmedia&parent=7227"}],"wp:term":[{"taxonomy":"category","embeddable":true,"href":"https:\/\/saintlouisnews.sn\/index.php?rest_route=%2Fwp%2Fv2%2Fcategories&post=7227"},{"taxonomy":"post_tag","embeddable":true,"href":"https:\/\/saintlouisnews.sn\/index.php?rest_route=%2Fwp%2Fv2%2Ftags&post=7227"}],"curies":[{"name":"wp","href":"https:\/\/api.w.org\/{rel}","templated":true}]}}