{"id":74,"date":"2022-08-08T12:54:46","date_gmt":"2022-08-08T12:54:46","guid":{"rendered":"https:\/\/senego.com\/?p=1456106"},"modified":"2022-08-08T12:54:46","modified_gmt":"2022-08-08T12:54:46","slug":"covid-19-26-nouvelles-infections-23-gueris-et-193-sous-traitement","status":"publish","type":"post","link":"https:\/\/saintlouisnews.sn\/?p=74","title":{"rendered":"Covid-19 : 26 nouvelles infections, 23 gu\u00e9ris et 193 sous traitement"},"content":{"rendered":"<p><strong>Le minist\u00e8re de la Sant\u00e9 et de l\u2019Action sociale a fait le point sur la situation journali\u00e8re de l\u2019\u00e9volution de la Covid-19 au S\u00e9n\u00e9gal, ce lundi 08 ao\u00fbt 2022.<\/strong><\/p>\n<p>Sur 909 tests r\u00e9alis\u00e9s, le S\u00e9n\u00e9gal a enregistr\u00e9 26 nouveaux cas de coronavirus.<br \/>Patients gu\u00e9ris\u2026<\/p>\n<p>23 patients hospitalis\u00e9s ont \u00e9t\u00e9 contr\u00f4l\u00e9s n\u00e9gatifs et d\u00e9clar\u00e9s gu\u00e9ris.<\/p>\n<p><strong>Cas graves\u2026<\/strong><\/p>\n<p>Aucun cas grave n\u2019est pris en charge dans les services de r\u00e9animation des h\u00f4pitaux.<\/p>\n<p><strong>D\u00e9c\u00e8s\u2026<\/strong><\/p>\n<p>Aucun cas de d\u00e9c\u00e8s n\u2019a \u00e9t\u00e9 enregistr\u00e9 le dimanche ao\u00fbt 2022. L\u2019\u00e9tat de sant\u00e9 des autres patients reste stable.<\/p>\n<p><strong>Cas recens\u00e9s\u2026<\/strong><\/p>\n<p>A ce jour 87.641 cas ont \u00e9t\u00e9 d\u00e9clar\u00e9s positifs, dont 85.479 gu\u00e9ris, 1 968 d\u00e9c\u00e8s et 193 sous traitement.<\/p>\n<p><img loading=\"lazy\" decoding=\"async\" class=\"alignnone wp-image-1456113 size-large\" src=\"https:\/\/saintlouisnews.sn\/info\/wp-content\/uploads\/2022\/08\/covid-19-26-nouvelles-infections-23-gueris-et-193-sous-traitement.jpg\" alt width=\"710\" height=\"1024\" srcset=\"https:\/\/saintlouisnews.sn\/info\/wp-content\/uploads\/2022\/08\/covid-19-26-nouvelles-infections-23-gueris-et-193-sous-traitement.jpg 710w, https:\/\/saintlouisnews.sn\/info\/wp-content\/uploads\/2022\/08\/covid-19-26-nouvelles-infections-23-gueris-et-193-sous-traitement-1.jpg 208w, https:\/\/saintlouisnews.sn\/info\/wp-content\/uploads\/2022\/08\/covid-19-26-nouvelles-infections-23-gueris-et-193-sous-traitement-2.jpg 768w, https:\/\/saintlouisnews.sn\/info\/wp-content\/uploads\/2022\/08\/covid-19-26-nouvelles-infections-23-gueris-et-193-sous-traitement-3.jpg 1065w, https:\/\/saintlouisnews.sn\/info\/wp-content\/uploads\/2022\/08\/covid-19-26-nouvelles-infections-23-gueris-et-193-sous-traitement-4.jpg 1193w\" sizes=\"auto, (max-width: 710px) 100vw, 710px\"><\/p>\n<p> <!-- #respond --> <\/p>\n","protected":false},"excerpt":{"rendered":"<p>Le minist\u00e8re de la Sant\u00e9 et de l\u2019Action sociale a fait le point sur la situation journali\u00e8re de l\u2019\u00e9volution de la Covid-19 au S\u00e9n\u00e9gal, ce lundi 08 ao\u00fbt 2022. Sur 909 tests r\u00e9alis\u00e9s, le S\u00e9n\u00e9gal a enregistr\u00e9 26 nouveaux cas de coronavirus.Patients gu\u00e9ris\u2026 23 patients hospitalis\u00e9s ont \u00e9t\u00e9 contr\u00f4l\u00e9s n\u00e9gatifs et d\u00e9clar\u00e9s gu\u00e9ris. Cas graves\u2026 &hellip;<\/p>\n","protected":false},"author":1,"featured_media":4687,"comment_status":"open","ping_status":"closed","sticky":false,"template":"","format":"standard","meta":{"footnotes":""},"categories":[219,231],"tags":[],"class_list":["post-74","post","type-post","status-publish","format-standard","has-post-thumbnail","hentry","category-actualites","category-societe"],"_links":{"self":[{"href":"https:\/\/saintlouisnews.sn\/index.php?rest_route=\/wp\/v2\/posts\/74","targetHints":{"allow":["GET"]}}],"collection":[{"href":"https:\/\/saintlouisnews.sn\/index.php?rest_route=\/wp\/v2\/posts"}],"about":[{"href":"https:\/\/saintlouisnews.sn\/index.php?rest_route=\/wp\/v2\/types\/post"}],"author":[{"embeddable":true,"href":"https:\/\/saintlouisnews.sn\/index.php?rest_route=\/wp\/v2\/users\/1"}],"replies":[{"embeddable":true,"href":"https:\/\/saintlouisnews.sn\/index.php?rest_route=%2Fwp%2Fv2%2Fcomments&post=74"}],"version-history":[{"count":0,"href":"https:\/\/saintlouisnews.sn\/index.php?rest_route=\/wp\/v2\/posts\/74\/revisions"}],"wp:featuredmedia":[{"embeddable":true,"href":"https:\/\/saintlouisnews.sn\/index.php?rest_route=\/wp\/v2\/media\/4687"}],"wp:attachment":[{"href":"https:\/\/saintlouisnews.sn\/index.php?rest_route=%2Fwp%2Fv2%2Fmedia&parent=74"}],"wp:term":[{"taxonomy":"category","embeddable":true,"href":"https:\/\/saintlouisnews.sn\/index.php?rest_route=%2Fwp%2Fv2%2Fcategories&post=74"},{"taxonomy":"post_tag","embeddable":true,"href":"https:\/\/saintlouisnews.sn\/index.php?rest_route=%2Fwp%2Fv2%2Ftags&post=74"}],"curies":[{"name":"wp","href":"https:\/\/api.w.org\/{rel}","templated":true}]}}