{"id":76,"date":"2022-08-08T12:53:51","date_gmt":"2022-08-08T12:53:51","guid":{"rendered":"https:\/\/senego.com\/?p=1456109"},"modified":"2022-08-08T12:53:51","modified_gmt":"2022-08-08T12:53:51","slug":"necrologie-senego-endeuille","status":"publish","type":"post","link":"https:\/\/saintlouisnews.sn\/?p=76","title":{"rendered":"N\u00e9crologie : Senego endeuill\u00e9"},"content":{"rendered":"<div><img decoding=\"async\" src=\"https:\/\/saintlouisnews.sn\/info\/wp-content\/uploads\/2022\/08\/necrologie-senego-endeuille.jpg\" class=\"ff-og-image-inserted\"><\/div>\n<p>Inn\u00e2 lillahi wa inn\u00e2 ilayhi r\u00e2ji\u2019\u00fbn. Triste nouvelle. Senego est endeuill\u00e9 par le rappel \u00e0 Dieu ce lundi 8 ao\u00fbt \u00e0 Dakar de la m\u00e8re de El Malick Seck, photo journaliste au dit organe de presse.<\/p>\n<p>L\u2019enterrement est pr\u00e9vu aujourd\u2019hui lundi \u00e0 Tivaouane, apr\u00e8s la pri\u00e8re de Tisbar.<\/p>\n<p>En cette douloureuse circonstance, l\u2019administrateur de Senego, les journalistes et tout le personnel s\u2019inclinent devant la m\u00e9moire de l\u2019illustre disparue et pr\u00e9sentons nos sinc\u00e8res condol\u00e9ances \u00e0 notre confr\u00e8re et \u00e0 la famille \u00e9plor\u00e9e.<\/p>\n<p>Que Firdawsi soit sa demeure \u00e9ternelle<\/p>\n<p> <!-- #respond --> <\/p>\n","protected":false},"excerpt":{"rendered":"<p>Inn\u00e2 lillahi wa inn\u00e2 ilayhi r\u00e2ji\u2019\u00fbn. Triste nouvelle. Senego est endeuill\u00e9 par le rappel \u00e0 Dieu ce lundi 8 ao\u00fbt \u00e0 Dakar de la m\u00e8re de El Malick Seck, photo journaliste au dit organe de presse. L\u2019enterrement est pr\u00e9vu aujourd\u2019hui lundi \u00e0 Tivaouane, apr\u00e8s la pri\u00e8re de Tisbar. En cette douloureuse circonstance, l\u2019administrateur de Senego, &hellip;<\/p>\n","protected":false},"author":1,"featured_media":4688,"comment_status":"open","ping_status":"closed","sticky":false,"template":"","format":"standard","meta":{"footnotes":""},"categories":[219,231],"tags":[],"class_list":["post-76","post","type-post","status-publish","format-standard","has-post-thumbnail","hentry","category-actualites","category-societe"],"_links":{"self":[{"href":"https:\/\/saintlouisnews.sn\/index.php?rest_route=\/wp\/v2\/posts\/76","targetHints":{"allow":["GET"]}}],"collection":[{"href":"https:\/\/saintlouisnews.sn\/index.php?rest_route=\/wp\/v2\/posts"}],"about":[{"href":"https:\/\/saintlouisnews.sn\/index.php?rest_route=\/wp\/v2\/types\/post"}],"author":[{"embeddable":true,"href":"https:\/\/saintlouisnews.sn\/index.php?rest_route=\/wp\/v2\/users\/1"}],"replies":[{"embeddable":true,"href":"https:\/\/saintlouisnews.sn\/index.php?rest_route=%2Fwp%2Fv2%2Fcomments&post=76"}],"version-history":[{"count":0,"href":"https:\/\/saintlouisnews.sn\/index.php?rest_route=\/wp\/v2\/posts\/76\/revisions"}],"wp:featuredmedia":[{"embeddable":true,"href":"https:\/\/saintlouisnews.sn\/index.php?rest_route=\/wp\/v2\/media\/4688"}],"wp:attachment":[{"href":"https:\/\/saintlouisnews.sn\/index.php?rest_route=%2Fwp%2Fv2%2Fmedia&parent=76"}],"wp:term":[{"taxonomy":"category","embeddable":true,"href":"https:\/\/saintlouisnews.sn\/index.php?rest_route=%2Fwp%2Fv2%2Fcategories&post=76"},{"taxonomy":"post_tag","embeddable":true,"href":"https:\/\/saintlouisnews.sn\/index.php?rest_route=%2Fwp%2Fv2%2Ftags&post=76"}],"curies":[{"name":"wp","href":"https:\/\/api.w.org\/{rel}","templated":true}]}}