{"id":779,"date":"2022-09-21T14:57:00","date_gmt":"2022-09-21T14:57:00","guid":{"rendered":"https:\/\/saintlouisnews.sn\/?p=779"},"modified":"2022-09-21T14:57:00","modified_gmt":"2022-09-21T14:57:00","slug":"amadou-mame-diop-un-homme-politique-senegalais-et-president-de-lassemblee-nationale-du-senegal-depuis-le-12-septembre-2022","status":"publish","type":"post","link":"https:\/\/saintlouisnews.sn\/?p=779","title":{"rendered":"Amadou Mame Diop, un homme politique s\u00e9n\u00e9galais et pr\u00e9sident de l&rsquo;Assembl\u00e9e nationale du S\u00e9n\u00e9gal depuis le 12 septembre 2022"},"content":{"rendered":"<p>PRENOM : Amadou<br \/>\nNOM : BA<br \/>\nDATE ET LIEU DE NAISSANCE : 17 mai 1961 \u00e0 Dakar<br \/>\nNATIONALITE : S\u00e9n\u00e9galaise<br \/>\nSITUATION MATRIMONIALE : Mari\u00e9 \u2013 trois (03) enfants<br \/>\nADRESSE : Nord Foire Azur \u2013 Villa n\u00b0 22<br \/>\nTELEPHONE :<\/p>\n<p>FORMATION ACADEMIQUE<\/p>\n<p>1988 \uf0d8\u00a0Brevet de l\u2019ENAM\u00a0: Section\u00a0: Imp\u00f4ts et Domaines<br \/>\n\uf0d8\u00a0Ma\u00eetrise es Sciences Economiques<br \/>\n: Option Gestion des Entreprises<br \/>\n1980 \uf0d8 Baccalaur\u00e9at du Technicien<br \/>\n: Option s\u00e9rie G2 Techniques de Gestion<\/p>\n<p>EXPERIENCES PROFESSIONNELLES<br \/>\n02 Septembre 2013 \uf0d8\u00a0Ministre de l\u2019Economie et des Finances<\/p>\n<p>Novembre 2006 \uf0d8\u00a0Directeur G\u00e9n\u00e9ral des Imp\u00f4ts et des Domaines<\/p>\n<p>2004 -2005 \uf0d8\u00a0Directeur des Imp\u00f4ts<\/p>\n<p>2002 &#8211; 2004 \uf0d8 Chef du Centre des Grandes Entreprises de la Direction des Imp\u00f4ts<\/p>\n<p>Juillet &#8211; Ao\u00fbt 2001 : Stage de formation des Formateurs \u00e0 l\u2019Ecole Nationale des Imp\u00f4ts<br \/>\nde Clermont-Ferrand (France)<\/p>\n<p>\u2013 1994 \uf0d8\u00a0Inspecteur V\u00e9rificateur \u00e0 la Direction des v\u00e9rifications et Enqu\u00eates<br \/>\nFiscales<\/p>\n<p>1994\u20131992\u00a0 \uf0d8 Direction des Assurances\u00a0: D\u00e9l\u00e9gu\u00e9 dans les fonctions de<br \/>\nCommissaire Contr\u00f4leur des Assurances<\/p>\n<p>Mars &#8211; avril 1992\u00a0 : Stage de contr\u00f4le des Assurances \u00e0 Libreville<\/p>\n<p>1992\u2013 1990\u00a0 \uf0d8 Chef d\u2019inspection \u00e0 Dakar Plateau I<\/p>\n<p>F\u00e9vrier \u2013 Avril 1991 : Stage d\u2019Audit des Banques, Assurances et Grandes Entreprises<br \/>\n\u00e0 Baltimore &#8211; USA<br \/>\n\u2026\/\u2026<\/p>\n<p>&nbsp;<\/p>\n<p>Mai \u2013 Juin 1991 : Stage de Taxe sur la valeur Ajout\u00e9e \u00e0 l\u2019Institut International<br \/>\nd\u2019Administration Publique \u2013 Paris<\/p>\n<p>1990\u2013 1989\u00a0 \uf0d8 Inspecteur Chef du 1er Secteur de Taxe sur la Valeur Ajout\u00e9e \u00e0 la<br \/>\nDGID\/Dakar<\/p>\n<p>1989 : Inspecteur stagiaire \u00e0 Diourbel<\/p>\n<p>: Stage de Perfectionnement en gestion administrative \u00e0 l\u2019Institut<br \/>\nInternational d\u2019Administration Publique \u2013 Paris<\/p>\n<p>AUTRES EXPERIENCES<\/p>\n<p>2000 \u2013 1995 : Charg\u00e9 d\u2019enseignements au COFEB\/BCEAO<\/p>\n<p>Charg\u00e9 d\u2019enseignements \u00e0 l\u2019Ecole Nationale d\u2019Administration et de Magistrature (ENAM), section Imp\u00f4ts et Domaines depuis 1992<\/p>\n<p>ACTIVITES SECONDAIRES RECREATIVES<\/p>\n<p>Aime le Sport<br \/>\nAime la lecture et les jeux de l\u2019esprit<img loading=\"lazy\" decoding=\"async\" class=\"alignnone size-medium wp-image-672\" src=\"https:\/\/saintlouisnews.sn\/news\/wp-content\/uploads\/2022\/09\/Plan-de-travail-w1-100-300x169.jpg\" alt=\"\" width=\"300\" height=\"169\" \/><\/p>\n","protected":false},"excerpt":{"rendered":"<p>PRENOM : Amadou NOM : BA DATE ET LIEU DE NAISSANCE : 17 mai 1961 \u00e0 Dakar NATIONALITE : S\u00e9n\u00e9galaise SITUATION MATRIMONIALE : Mari\u00e9 \u2013 trois (03) enfants ADRESSE : Nord Foire Azur \u2013 Villa n\u00b0 22 TELEPHONE : FORMATION ACADEMIQUE 1988 \uf0d8\u00a0Brevet de l\u2019ENAM\u00a0: Section\u00a0: Imp\u00f4ts et Domaines \uf0d8\u00a0Ma\u00eetrise es Sciences Economiques : Option &hellip;<\/p>\n","protected":false},"author":1,"featured_media":780,"comment_status":"open","ping_status":"open","sticky":false,"template":"","format":"standard","meta":{"footnotes":""},"categories":[219],"tags":[],"class_list":["post-779","post","type-post","status-publish","format-standard","has-post-thumbnail","hentry","category-actualites"],"_links":{"self":[{"href":"https:\/\/saintlouisnews.sn\/index.php?rest_route=\/wp\/v2\/posts\/779","targetHints":{"allow":["GET"]}}],"collection":[{"href":"https:\/\/saintlouisnews.sn\/index.php?rest_route=\/wp\/v2\/posts"}],"about":[{"href":"https:\/\/saintlouisnews.sn\/index.php?rest_route=\/wp\/v2\/types\/post"}],"author":[{"embeddable":true,"href":"https:\/\/saintlouisnews.sn\/index.php?rest_route=\/wp\/v2\/users\/1"}],"replies":[{"embeddable":true,"href":"https:\/\/saintlouisnews.sn\/index.php?rest_route=%2Fwp%2Fv2%2Fcomments&post=779"}],"version-history":[{"count":0,"href":"https:\/\/saintlouisnews.sn\/index.php?rest_route=\/wp\/v2\/posts\/779\/revisions"}],"wp:featuredmedia":[{"embeddable":true,"href":"https:\/\/saintlouisnews.sn\/index.php?rest_route=\/wp\/v2\/media\/780"}],"wp:attachment":[{"href":"https:\/\/saintlouisnews.sn\/index.php?rest_route=%2Fwp%2Fv2%2Fmedia&parent=779"}],"wp:term":[{"taxonomy":"category","embeddable":true,"href":"https:\/\/saintlouisnews.sn\/index.php?rest_route=%2Fwp%2Fv2%2Fcategories&post=779"},{"taxonomy":"post_tag","embeddable":true,"href":"https:\/\/saintlouisnews.sn\/index.php?rest_route=%2Fwp%2Fv2%2Ftags&post=779"}],"curies":[{"name":"wp","href":"https:\/\/api.w.org\/{rel}","templated":true}]}}