{"id":9177,"date":"2025-09-26T22:43:24","date_gmt":"2025-09-26T22:43:24","guid":{"rendered":"https:\/\/saintlouisnews.sn\/?p=9177"},"modified":"2025-09-26T22:43:26","modified_gmt":"2025-09-26T22:43:26","slug":"alphabetisation-et-langues-nationales-lassemblee-nationale-sengage-aux-cotes-du-ministere-de-leducation-nationale","status":"publish","type":"post","link":"https:\/\/saintlouisnews.sn\/?p=9177","title":{"rendered":"Alphab\u00e9tisation et langues nationales : L&rsquo;Assembl\u00e9e nationale s\u2019engage aux c\u00f4t\u00e9s du Minist\u00e8re de l\u2019\u00c9ducation nationale"},"content":{"rendered":"\n<p>L\u2019Assembl\u00e9e nationale et le Minist\u00e8re de l\u2019\u00c9ducation nationale consolident leur partenariat pour faire des langues nationales un levier de d\u00e9veloppement et de citoyennet\u00e9. Le Directeur de l\u2019Alphab\u00e9tisation et des Langues nationales (DALN) a \u00e9t\u00e9 re\u00e7u, ce jeudi 25 septembre 2025, par le Pr\u00e9sident de l\u2019Assembl\u00e9e nationale M. El Malick Ndiaye, dans le cadre d\u2019une audience consacr\u00e9e au renforcement de la collaboration entre les deux institutions.<\/p>\n\n\n\n<p>Les discussions ont port\u00e9 sur plusieurs axes strat\u00e9giques, dont :<\/p>\n\n\n\n<ul class=\"wp-block-list\">\n<li>l\u2019organisation du Mois national de l\u2019Alphab\u00e9tisation, moment fort de sensibilisation et de mobilisation ;<\/li>\n\n\n\n<li>la formation des d\u00e9put\u00e9s et des interpr\u00e8tes \u00e0 la lecture et \u00e0 l\u2019\u00e9criture en langues nationales ;<\/li>\n\n\n\n<li>l\u2019adaptation des textes r\u00e9glementaires de l\u2019Assembl\u00e9e en langues nationales ;<\/li>\n\n\n\n<li>la cr\u00e9ation d\u2019un environnement lettr\u00e9 en langues nationales au sein du Parlement ;<\/li>\n\n\n\n<li>et la mise en \u0153uvre de l\u2019article 22 de la Constitution, qui impose la contribution des organismes publics et priv\u00e9s \u00e0 l\u2019effort d\u2019alphab\u00e9tisation, en vue d\u2019un projet de d\u00e9cret d\u2019application.<\/li>\n<\/ul>\n\n\n\n<p>Cette d\u00e9marche vise \u00e0 appuyer l\u2019orientation fix\u00e9e par le Chef de l\u2019\u00c9tat, qui a fait de l\u2019\u00e9radication de l\u2019analphab\u00e9tisme d\u2019ici 2029 une priorit\u00e9 nationale.<\/p>\n\n\n\n<p>\u00c0 l\u2019issue de l\u2019audience, le Pr\u00e9sident de l\u2019Assembl\u00e9e nationale a salu\u00e9 l\u2019initiative de la DALN et a r\u00e9affirm\u00e9 l\u2019engagement du Parlement \u00e0 accompagner les programmes de valorisation des langues nationales et d\u2019alphab\u00e9tisation, estimant que \u00ab leur int\u00e9gration dans les politiques publiques est essentielle pour rapprocher l\u2019\u00c9tat des citoyens et renforcer la participation d\u00e9mocratique \u00bb.<\/p>\n\n\n\n<p><\/p>\n","protected":false},"excerpt":{"rendered":"<p>L\u2019Assembl\u00e9e nationale et le Minist\u00e8re de l\u2019\u00c9ducation nationale consolident leur partenariat pour faire des langues nationales un levier de d\u00e9veloppement et de citoyennet\u00e9. Le Directeur de l\u2019Alphab\u00e9tisation et des Langues nationales (DALN) a \u00e9t\u00e9 re\u00e7u, ce jeudi 25 septembre 2025, par le Pr\u00e9sident de l\u2019Assembl\u00e9e nationale M. El Malick Ndiaye, dans le cadre d\u2019une audience &hellip;<\/p>\n","protected":false},"author":1,"featured_media":9178,"comment_status":"open","ping_status":"open","sticky":false,"template":"","format":"standard","meta":{"footnotes":""},"categories":[218,219,228],"tags":[],"class_list":["post-9177","post","type-post","status-publish","format-standard","has-post-thumbnail","hentry","category-a-laune","category-actualites","category-politique"],"_links":{"self":[{"href":"https:\/\/saintlouisnews.sn\/index.php?rest_route=\/wp\/v2\/posts\/9177","targetHints":{"allow":["GET"]}}],"collection":[{"href":"https:\/\/saintlouisnews.sn\/index.php?rest_route=\/wp\/v2\/posts"}],"about":[{"href":"https:\/\/saintlouisnews.sn\/index.php?rest_route=\/wp\/v2\/types\/post"}],"author":[{"embeddable":true,"href":"https:\/\/saintlouisnews.sn\/index.php?rest_route=\/wp\/v2\/users\/1"}],"replies":[{"embeddable":true,"href":"https:\/\/saintlouisnews.sn\/index.php?rest_route=%2Fwp%2Fv2%2Fcomments&post=9177"}],"version-history":[{"count":1,"href":"https:\/\/saintlouisnews.sn\/index.php?rest_route=\/wp\/v2\/posts\/9177\/revisions"}],"predecessor-version":[{"id":9179,"href":"https:\/\/saintlouisnews.sn\/index.php?rest_route=\/wp\/v2\/posts\/9177\/revisions\/9179"}],"wp:featuredmedia":[{"embeddable":true,"href":"https:\/\/saintlouisnews.sn\/index.php?rest_route=\/wp\/v2\/media\/9178"}],"wp:attachment":[{"href":"https:\/\/saintlouisnews.sn\/index.php?rest_route=%2Fwp%2Fv2%2Fmedia&parent=9177"}],"wp:term":[{"taxonomy":"category","embeddable":true,"href":"https:\/\/saintlouisnews.sn\/index.php?rest_route=%2Fwp%2Fv2%2Fcategories&post=9177"},{"taxonomy":"post_tag","embeddable":true,"href":"https:\/\/saintlouisnews.sn\/index.php?rest_route=%2Fwp%2Fv2%2Ftags&post=9177"}],"curies":[{"name":"wp","href":"https:\/\/api.w.org\/{rel}","templated":true}]}}