{"id":9180,"date":"2025-09-27T23:31:04","date_gmt":"2025-09-27T23:31:04","guid":{"rendered":"https:\/\/saintlouisnews.sn\/?p=9180"},"modified":"2025-09-27T23:35:24","modified_gmt":"2025-09-27T23:35:24","slug":"louga-marche-pour-la-liberation-de-moustapha-diop","status":"publish","type":"post","link":"https:\/\/saintlouisnews.sn\/?p=9180","title":{"rendered":"Louga marche pour la lib\u00e9ration de son maire Moustapha Diop"},"content":{"rendered":"\n<p>Les soutiens du maire de Louga Moustapha Diop, ont battu le macadam ce samedi apr\u00e8s-midi \u00e0 Louga. Ils r\u00e9clament la lib\u00e9ration de leur mentor. Munis de brassards rouges, ils ont march\u00e9 de la Place civique Mansour Bouna Ndiaye \u00e0 la gare de Louga en scandant \u00ablibert\u00e9 pour Moustapha Diop \u00bb .Ils d\u00e9tenaient par ailleurs des pancartes sur lesquelles on pouvait lire \u00ab lib\u00e9rez Moustapha Diop \u00bb , \u00ab Moustapha Diop est victime d\u2019une arrestation politique \u00bb , \u00abnous exigeons sa lib\u00e9ration imm\u00e9diate et sans condition \u00bb entre autres.<\/p>\n\n\n\n<p>Au-del\u00e0 de cette lutte  pour Moustapha Diop, la masse sur le terrain de la manifestation a \u00e9galement exig\u00e9 la lib\u00e9ration des autres d\u00e9tenus qui, selon elle, \u00ab sont des victimes politiques du nouveau r\u00e9gime \u00bb. Les marcheurs ont tour \u00e0 tour d\u00e9nonc\u00e9 les arrestations tous azimuts des leaders de l\u2019opposition.<\/p>\n\n\n\n<p>En attendant, les populations promettent de poursuivre le combat jusqu&rsquo;\u00e0 la lib\u00e9ration de leur maire. Inculp\u00e9 et plac\u00e9 sous mandat de d\u00e9p\u00f4t fin mai, Moustapha Diop fait face \u00e0 de lourdes charges : association de malfaiteurs, prise ill\u00e9gale d\u2019int\u00e9r\u00eats, faux et usage de faux en \u00e9critures de commerce ou de banque, d\u00e9tournement et escroquerie portant sur des deniers publics, blanchiment de capitaux et complicit\u00e9. Des accusations que l\u2019ancien ministre a contest\u00e9es devant la Commission d\u2019instruction.<\/p>\n","protected":false},"excerpt":{"rendered":"<p>Les soutiens du maire de Louga Moustapha Diop, ont battu le macadam ce samedi apr\u00e8s-midi \u00e0 Louga. Ils r\u00e9clament la lib\u00e9ration de leur mentor. Munis de brassards rouges, ils ont march\u00e9 de la Place civique Mansour Bouna Ndiaye \u00e0 la gare de Louga en scandant \u00ablibert\u00e9 pour Moustapha Diop \u00bb .Ils d\u00e9tenaient par ailleurs des &hellip;<\/p>\n","protected":false},"author":1,"featured_media":9183,"comment_status":"open","ping_status":"open","sticky":false,"template":"","format":"standard","meta":{"footnotes":""},"categories":[218,219,228],"tags":[],"class_list":["post-9180","post","type-post","status-publish","format-standard","has-post-thumbnail","hentry","category-a-laune","category-actualites","category-politique"],"_links":{"self":[{"href":"https:\/\/saintlouisnews.sn\/index.php?rest_route=\/wp\/v2\/posts\/9180","targetHints":{"allow":["GET"]}}],"collection":[{"href":"https:\/\/saintlouisnews.sn\/index.php?rest_route=\/wp\/v2\/posts"}],"about":[{"href":"https:\/\/saintlouisnews.sn\/index.php?rest_route=\/wp\/v2\/types\/post"}],"author":[{"embeddable":true,"href":"https:\/\/saintlouisnews.sn\/index.php?rest_route=\/wp\/v2\/users\/1"}],"replies":[{"embeddable":true,"href":"https:\/\/saintlouisnews.sn\/index.php?rest_route=%2Fwp%2Fv2%2Fcomments&post=9180"}],"version-history":[{"count":3,"href":"https:\/\/saintlouisnews.sn\/index.php?rest_route=\/wp\/v2\/posts\/9180\/revisions"}],"predecessor-version":[{"id":9185,"href":"https:\/\/saintlouisnews.sn\/index.php?rest_route=\/wp\/v2\/posts\/9180\/revisions\/9185"}],"wp:featuredmedia":[{"embeddable":true,"href":"https:\/\/saintlouisnews.sn\/index.php?rest_route=\/wp\/v2\/media\/9183"}],"wp:attachment":[{"href":"https:\/\/saintlouisnews.sn\/index.php?rest_route=%2Fwp%2Fv2%2Fmedia&parent=9180"}],"wp:term":[{"taxonomy":"category","embeddable":true,"href":"https:\/\/saintlouisnews.sn\/index.php?rest_route=%2Fwp%2Fv2%2Fcategories&post=9180"},{"taxonomy":"post_tag","embeddable":true,"href":"https:\/\/saintlouisnews.sn\/index.php?rest_route=%2Fwp%2Fv2%2Ftags&post=9180"}],"curies":[{"name":"wp","href":"https:\/\/api.w.org\/{rel}","templated":true}]}}