{"id":9364,"date":"2025-11-10T21:57:44","date_gmt":"2025-11-10T21:57:44","guid":{"rendered":"https:\/\/saintlouisnews.sn\/?p=9364"},"modified":"2025-11-10T22:01:56","modified_gmt":"2025-11-10T22:01:56","slug":"journee-des-forces-armees-bassirou-diomaye-faye-lance-la-mobilisation-pour-les-joj-2026","status":"publish","type":"post","link":"https:\/\/saintlouisnews.sn\/?p=9364","title":{"rendered":"Journ\u00e9e des Forces arm\u00e9es : Bassirou Diomaye Faye lance la mobilisation pour les JOJ 2026"},"content":{"rendered":"\n<p><strong>Ce lundi 10 novembre, le S\u00e9n\u00e9gal c\u00e9l\u00e8bre la Journ\u00e9e des Forces arm\u00e9es, plac\u00e9e sous le th\u00e8me : \u00ab Les Forces arm\u00e9es, partenaires des JOJ Dakar 2026 \u00bb. Elle a \u00e9t\u00e9 pr\u00e9sid\u00e9e par Bassirou Diomaye Faye. Le Chef de l\u2019\u00c9tat a saisi l\u2019occasion pour rappeler leur importance.<\/strong><\/p>\n\n\n\n<p>Le Pr\u00e9sident de la R\u00e9publique a d\u2019abord renouvel\u00e9 ses encouragements aux personnels engag\u00e9s en op\u00e9rations int\u00e9rieures, au p\u00e9ril de leur vie, mais aussi aux militaires d\u00e9ploy\u00e9s sur les th\u00e9\u00e2tres ext\u00e9rieurs, ceci, alors que cette ann\u00e9e marque le 65e anniversaire de leur premier d\u00e9ploiement au sein des Nations Unies. Ensuite, Bassirou Diomaye Faye a abord\u00e9 le th\u00e8me de cette Journ\u00e9e des Forces arm\u00e9es. \u00ab Comme vous le savez, Dakar se pr\u00e9pare \u00e0 accueillir les Jeux olympiques de la Jeunesse en 2026. Le S\u00e9n\u00e9gal sera ainsi le premier pays africain \u00e0 organiser une manifestation sportive olympique de dimension mondiale. Plus qu\u2019un rendez-vous sportif, cet \u00e9v\u00e9nement, qui est une vitrine du S\u00e9n\u00e9gal nouveau, sera \u00e9galement l\u2019occasion de mettre en valeur le dynamisme de la jeunesse, la richesse culturelle de notre pays et le r\u00f4le croissant de l\u2019Afrique dans le mouvement olympique \u00bb, a-t-il soulign\u00e9.<\/p>\n\n\n\n<p>Ces JOJ, plac\u00e9s sous la devise \u00ab L\u2019Afrique accueille, Dakar c\u00e9l\u00e8bre \u00bb, permettront \u00e0 Dakar de recevoir les 2 500 meilleurs jeunes athl\u00e8tes du monde. C\u2019est donc une occasion en or de faire rayonner les valeurs s\u00e9n\u00e9galaises \u00e0 travers le monde. Les Forces arm\u00e9es ne seront pas en reste. \u00ab Parce qu\u2019elles incarnent ce que les Jeux eux-m\u00eames c\u00e9l\u00e8brent : l\u2019unit\u00e9 dans la diversit\u00e9, la rigueur dans l\u2019effort et la fraternit\u00e9 dans la comp\u00e9tition, les Forces arm\u00e9es en sont des partenaires privil\u00e9gi\u00e9s. C\u2019est pourquoi je me r\u00e9jouis du th\u00e8me, fort \u00e0 propos, de cette \u00e9dition : \u201cLes Forces arm\u00e9es, partenaires des Jeux olympiques de la Jeunesse, Dakar 2026\u201d \u00bb.<\/p>\n\n\n\n<h3 class=\"wp-block-heading\"><strong>Un r\u00f4le majeur<\/strong><\/h3>\n\n\n\n<p>Pour Bassirou Diomaye Faye, les JOJ Dakar 2026 constituent une page de l\u2019histoire du S\u00e9n\u00e9gal. La contribution des Forces arm\u00e9es sera dans l\u2019ordre et la s\u00e9curit\u00e9, qui seront essentiels pour un bon d\u00e9roulement de la comp\u00e9tition. Elles permettront, par ailleurs, de v\u00e9hiculer les valeurs s\u00e9n\u00e9galaises. En outre, elles contribueront \u00e0 am\u00e9liorer le cadre de vie, \u00e0 apporter une organisation vigoureuse et un sens du devoir au service du bien commun. \u00ab Je suis persuad\u00e9 qu\u2019en vous, les populations en g\u00e9n\u00e9ral et les jeunes en particulier trouveront l\u2019\u00e9lan n\u00e9cessaire pour offrir \u00e0 nos h\u00f4tes l\u2019image d\u2019une capitale ordonn\u00e9e et accueillante. \u00c0 ce titre, je salue l\u2019initiative des Forces arm\u00e9es de lancer le programme Waajal Xale yi, en liaison avec le Minist\u00e8re de l\u2019\u00c9ducation nationale, afin de renforcer l\u2019esprit de citoyennet\u00e9 de notre ch\u00e8re jeunesse. Ce programme contribuera sans doute \u00e0 mobiliser la frange dynamique de notre pays, qui doit \u00eatre au premier plan pour accueillir les jeunes du monde entier \u00bb, poursuit le Chef de l\u2019\u00c9tat.<\/p>\n\n\n\n<p>Le Pr\u00e9sident de la R\u00e9publique a annonc\u00e9 par la suite : \u00ab Au-del\u00e0 des actions mat\u00e9rielles, les Forces arm\u00e9es seront aussi engag\u00e9es dans la formation des milliers de b\u00e9n\u00e9voles n\u00e9cessaires \u00e0 la bonne organisation des Jeux, en transmettant des valeurs de rigueur, de discipline et de d\u00e9sint\u00e9ressement. Je vous exhorte donc \u00e0 accorder la plus grande importance \u00e0 cette mission en pensant aux milliards de t\u00e9l\u00e9spectateurs qui auront les yeux riv\u00e9s sur notre pays \u00bb.<\/p>\n\n\n\n<p>Bassirou Diomaye Faye en a \u00e9galement profit\u00e9 pour rendre un vibrant hommage aux hommes de tenue. \u00ab&nbsp;<em>La Journ\u00e9e des Forces arm\u00e9es m\u2019offre l\u2019agr\u00e9able occasion, en ma qualit\u00e9 de Chef supr\u00eame des Arm\u00e9es, de vous r\u00e9affirmer \u00e0 tous ma satisfaction et mon ambition inalt\u00e9rable de donner \u00e0 notre pays les moyens de d\u00e9fendre sa souverainet\u00e9 en tout temps et en tous lieux, pour poursuivre, dans la stabilit\u00e9 et la confiance, sa marche r\u00e9solue vers un d\u00e9veloppement \u00e9conomique et social harmonieux<\/em>&nbsp;\u00bb.<\/p>\n","protected":false},"excerpt":{"rendered":"<p>Ce lundi 10 novembre, le S\u00e9n\u00e9gal c\u00e9l\u00e8bre la Journ\u00e9e des Forces arm\u00e9es, plac\u00e9e sous le th\u00e8me : \u00ab Les Forces arm\u00e9es, partenaires des JOJ Dakar 2026 \u00bb. Elle a \u00e9t\u00e9 pr\u00e9sid\u00e9e par Bassirou Diomaye Faye. Le Chef de l\u2019\u00c9tat a saisi l\u2019occasion pour rappeler leur importance. Le Pr\u00e9sident de la R\u00e9publique a d\u2019abord renouvel\u00e9 ses &hellip;<\/p>\n","protected":false},"author":1,"featured_media":9367,"comment_status":"open","ping_status":"open","sticky":false,"template":"","format":"standard","meta":{"footnotes":""},"categories":[218,219,228],"tags":[],"class_list":["post-9364","post","type-post","status-publish","format-standard","has-post-thumbnail","hentry","category-a-laune","category-actualites","category-politique"],"_links":{"self":[{"href":"https:\/\/saintlouisnews.sn\/index.php?rest_route=\/wp\/v2\/posts\/9364","targetHints":{"allow":["GET"]}}],"collection":[{"href":"https:\/\/saintlouisnews.sn\/index.php?rest_route=\/wp\/v2\/posts"}],"about":[{"href":"https:\/\/saintlouisnews.sn\/index.php?rest_route=\/wp\/v2\/types\/post"}],"author":[{"embeddable":true,"href":"https:\/\/saintlouisnews.sn\/index.php?rest_route=\/wp\/v2\/users\/1"}],"replies":[{"embeddable":true,"href":"https:\/\/saintlouisnews.sn\/index.php?rest_route=%2Fwp%2Fv2%2Fcomments&post=9364"}],"version-history":[{"count":1,"href":"https:\/\/saintlouisnews.sn\/index.php?rest_route=\/wp\/v2\/posts\/9364\/revisions"}],"predecessor-version":[{"id":9366,"href":"https:\/\/saintlouisnews.sn\/index.php?rest_route=\/wp\/v2\/posts\/9364\/revisions\/9366"}],"wp:featuredmedia":[{"embeddable":true,"href":"https:\/\/saintlouisnews.sn\/index.php?rest_route=\/wp\/v2\/media\/9367"}],"wp:attachment":[{"href":"https:\/\/saintlouisnews.sn\/index.php?rest_route=%2Fwp%2Fv2%2Fmedia&parent=9364"}],"wp:term":[{"taxonomy":"category","embeddable":true,"href":"https:\/\/saintlouisnews.sn\/index.php?rest_route=%2Fwp%2Fv2%2Fcategories&post=9364"},{"taxonomy":"post_tag","embeddable":true,"href":"https:\/\/saintlouisnews.sn\/index.php?rest_route=%2Fwp%2Fv2%2Ftags&post=9364"}],"curies":[{"name":"wp","href":"https:\/\/api.w.org\/{rel}","templated":true}]}}