{"id":9378,"date":"2025-11-13T23:27:19","date_gmt":"2025-11-13T23:27:19","guid":{"rendered":"https:\/\/saintlouisnews.sn\/?p=9378"},"modified":"2025-11-13T23:36:58","modified_gmt":"2025-11-13T23:36:58","slug":"autoroute-dakar-saint-louis-les-assurances-du-ministre-dethie-fall-nous-allons-accelerer-la-cadence-pour-que-les-chantiers-soient-livres-dans-les-meilleurs-delais","status":"publish","type":"post","link":"https:\/\/saintlouisnews.sn\/?p=9378","title":{"rendered":"Autoroute Dakar \/Saint-Louis: Les assurances du ministre D\u00e9thi\u00e9 Fall \u00ab Nous allons acc\u00e9l\u00e9rer la cadence pour que les chantiers soient livr\u00e9s dans les meilleurs d\u00e9lais \u00bb"},"content":{"rendered":"\n<p><strong><strong><em>L\u2019Autoroute Dakar-Saint-Louis, en cours de construction, constitue un projet phare pour le S\u00e9n\u00e9gal. En reliant les principaux p\u00f4les \u00e9conomiques du pays, elle promet de stimuler la croissance, de d\u00e9senclaver les r\u00e9gions et d\u2019am\u00e9liorer la mobilit\u00e9 des biens et des personnes.&nbsp;<\/em><\/strong><em><strong>Cette visite avait pour but de v\u00e9rifier l\u2019avancement des travaux et de garantir que les d\u00e9lais, les normes techniques et les engagements contractuels sont respect\u00e9s. L\u2019autoroute, qui reliera la capitale \u00e0 la capitale du nord du pays, est bien plus qu\u2019un simple axe de transport. Elle repr\u00e9sente un moteur de croissance, de connectivit\u00e9 et de transformation pour l\u2019ensemble du territoire.&nbsp;<\/strong><\/em><\/strong><\/p>\n\n\n\n<p><strong>\u00ab<\/strong>Suite aux instructions du Chef de l\u2019\u00c9tat et du Premier ministre, nous avons entam\u00e9 une visite \u00e0 Saint-Louis. Nous sommes venu recueillir les probl\u00e8mes et acc\u00e9l\u00e9rer la cadence pour que les chantiers soient livr\u00e9s dans les meilleurs d\u00e9lais&nbsp;\u00bb, a promis le ministre des Infrastructures. D\u00e9thi\u00e9 Fall signale que &nbsp;cette tourn\u00e9e permettra de \u00ab&nbsp;constater l\u2019\u00e9tat d\u2019avancement des travaux de construction de l\u2019autoroute Dakar\u2013Tivaouane\u2013Saint-Louis, longue de 200 km, pour un co\u00fbt global de 760 milliards de Fcfa&nbsp;, d\u2019\u00e9valuer le niveau d\u2019ex\u00e9cution des diff\u00e9rentes sections et de s\u2019assurer du respect des d\u00e9lais, des normes techniques et des engagements contractuels&nbsp;\u00bb. Ce p\u00e9riple du ministre des Infrastructures concerne \u00e9galement les am\u00e9nagements connexes et d\u2019autres \u00e9quipements pr\u00e9vus. Pour D\u00e9thi\u00e9 Fall, il urge d\u2019acc\u00e9l\u00e9rer les choses.<\/p>\n\n\n\n<p><strong><em>\u00ab&nbsp;Il est inconcevable que les S\u00e9n\u00e9galais ne puissent pas voir les r\u00e9sultats de leur mobilisation&#8230;\u00bb<\/em><\/strong><\/p>\n\n\n\n<p>Ce projet d&rsquo;autoroute, r\u00e9parti en huit lots, vise \u00e0 desservir Dakar et toutes les zones qu&rsquo;il traverse jusqu&rsquo;\u00e0 Saint-Louis. Apr\u00e8s constats, le ministre a \u00e9t\u00e9 cat\u00e9gorique. \u00ab\u00a0Certaines entreprises ont fait des avanc\u00e9es significatives en termes de respect des d\u00e9lais et de taux d&rsquo;ex\u00e9cution. Cependant, d&rsquo;autres tra\u00eenent encore les pieds. Il est inconcevable que les S\u00e9n\u00e9galais ne puissent pas voir les r\u00e9sultats de leur mobilisation pour financer ces projets. Nous avons \u00e9t\u00e9 clairs avec les entreprises : les dispositions contractuelles seront respect\u00e9es si les d\u00e9lais ne sont pas tenus\u00a0\u00bb, a averti D\u00e9thi\u00e9 Fall pour qui l\u2019int\u00e9r\u00eat de la communaut\u00e9 prime sur tout. C\u2019est la raison pour laquelle, il a salu\u00e9 les fonds mobilis\u00e9s pour la prise en charge des impact\u00e9s. \u00ab\u00a0Une enveloppe de sept milliards de Fcfa a \u00e9t\u00e9 mobilis\u00e9e pour accompagner les populations dans les zones travers\u00e9es par l&rsquo;autoroute. Nous avons vu des salles de classe et des postes de sant\u00e9 construits, ainsi que d&rsquo;autres am\u00e9nagements connexes. Nous sommes l\u00e0 pour les populations, et nous allons continuer \u00e0 travailler pour les accompagner afin d\u2019am\u00e9liorer leurs conditions de vie\u00a0\u00bb, a-t-il promis. Le ministre D\u00e9thi\u00e9 Fall reste optimiste quant \u00e0 l\u2019atteinte des objectifs. <\/p>\n\n\n\n<figure class=\"wp-block-image size-large\"><img loading=\"lazy\" decoding=\"async\" width=\"1024\" height=\"683\" src=\"https:\/\/saintlouisnews.sn\/wp-content\/uploads\/2025\/11\/581930186_25051368011181309_5279001934796187473_n-1024x683.jpg\" alt=\"\" class=\"wp-image-9383\" srcset=\"https:\/\/saintlouisnews.sn\/wp-content\/uploads\/2025\/11\/581930186_25051368011181309_5279001934796187473_n-1024x683.jpg 1024w, https:\/\/saintlouisnews.sn\/wp-content\/uploads\/2025\/11\/581930186_25051368011181309_5279001934796187473_n-300x200.jpg 300w, https:\/\/saintlouisnews.sn\/wp-content\/uploads\/2025\/11\/581930186_25051368011181309_5279001934796187473_n-768x512.jpg 768w, https:\/\/saintlouisnews.sn\/wp-content\/uploads\/2025\/11\/581930186_25051368011181309_5279001934796187473_n-1536x1025.jpg 1536w, https:\/\/saintlouisnews.sn\/wp-content\/uploads\/2025\/11\/581930186_25051368011181309_5279001934796187473_n.jpg 2048w\" sizes=\"auto, (max-width: 1024px) 100vw, 1024px\" \/><\/figure>\n\n\n\n<p>\u00ab\u00a0Nous sommes convaincu que le gouvernement va atteindre ses objectifs pour faire de ce projet un succ\u00e8s \u00e9clatant prenant en compte les pr\u00e9occupations des populations. Nous allons continuer \u00e0 travailler pour que ce projet soit une r\u00e9alit\u00e9 et qu&rsquo;il puisse b\u00e9n\u00e9ficier aux populations dans leur enti\u00e8ret\u00e9\u00a0\u00bb, a rassur\u00e9 M. Fall qui a visit\u00e9 le tron\u00e7on Louga &#8211; Gandon de l&rsquo;autoroute Dakar &#8211; Tivaouane &#8211; Saint-Louis, distant de 41 km. Il s\u2019est rendu \u00e0 la base CRBC \u00e0 Rao avant de terminer par le tron\u00e7on Gandon &#8211; Saint-Louis de l&rsquo;autoroute Dakar &#8211; Tivaouane &#8211; Saint-Louis.\u00a0<\/p>\n\n\n\n<p><strong>Une autoroute strat\u00e9gique pour l\u2019avenir du S\u00e9n\u00e9gal<\/strong><\/p>\n\n\n\n<p>Le ministre D\u00e9thi\u00e9 Fall a rappel\u00e9 que l\u2019autoroute Dakar-Saint-Louis est une infrastructure strat\u00e9gique pour l\u2019avenir \u00e9conomique du pays. Elle va faciliter l\u2019acc\u00e8s aux gisements gaziers et p\u00e9troliers de Kayar et de Grand Tortue Ahmeyin, et stimulera \u00e9galement le d\u00e9veloppement touristique autour de Saint-Louis, notamment gr\u00e2ce \u00e0 son inscription au Patrimoine Mondial de l\u2019Humanit\u00e9 par l\u2019Unesco.<\/p>\n\n\n\n<figure class=\"wp-block-image size-large\"><img loading=\"lazy\" decoding=\"async\" width=\"1024\" height=\"682\" src=\"https:\/\/saintlouisnews.sn\/wp-content\/uploads\/2025\/11\/581929893_25051365491181561_7802185495382127536_n-1024x682.jpg\" alt=\"\" class=\"wp-image-9384\" srcset=\"https:\/\/saintlouisnews.sn\/wp-content\/uploads\/2025\/11\/581929893_25051365491181561_7802185495382127536_n-1024x682.jpg 1024w, https:\/\/saintlouisnews.sn\/wp-content\/uploads\/2025\/11\/581929893_25051365491181561_7802185495382127536_n-300x200.jpg 300w, https:\/\/saintlouisnews.sn\/wp-content\/uploads\/2025\/11\/581929893_25051365491181561_7802185495382127536_n-768x512.jpg 768w, https:\/\/saintlouisnews.sn\/wp-content\/uploads\/2025\/11\/581929893_25051365491181561_7802185495382127536_n.jpg 1280w\" sizes=\"auto, (max-width: 1024px) 100vw, 1024px\" \/><\/figure>\n\n\n\n<p>Cette autoroute double l\u2019actuelle route nationale N\u00b01, particuli\u00e8rement congestionn\u00e9e, et offrira une alternative rapide et s\u00e9curis\u00e9e pour les usagers. En facilitant la mobilit\u00e9 entre les principales r\u00e9gions \u00e9conomiques, elle permettra \u00e9galement de soutenir le d\u00e9veloppement des zones touristiques, agricoles et industrielles le long de l\u2019axe.<\/p>\n\n\n\n<p>Le chantier, divis\u00e9 en cinq lots financ\u00e9s par des partenaires internationaux, emploie d\u00e9j\u00e0 de nombreuses entreprises locales et pr\u00e9voit la cr\u00e9ation de milliers d\u2019emplois directs et indirects. Le premier tron\u00e7on, reliant Dakar \u00e0 Tivaouane, est d\u00e9j\u00e0 en cours, avec des travaux d\u2019envergure, y compris la construction de 33 ouvrages d\u2019art et l\u2019am\u00e9nagement d\u2019\u00e9changeurs \u00e0 des points strat\u00e9giques comme Kayar, Notto et Tivaouane.<\/p>\n\n\n\n<p>Le S\u00e9n\u00e9gal, avec ce projet d\u2019envergure, prend une nouvelle \u00e9tape vers son \u00e9mergence. L\u2019autoroute Dakar-Saint-Louis s\u2019inscrit non seulement dans une logique d\u2019infrastructures modernes, mais aussi dans un projet de d\u00e9veloppement int\u00e9gr\u00e9 qui vise \u00e0 connecter les r\u00e9gions, \u00e0 favoriser les \u00e9changes \u00e9conomiques et \u00e0 offrir un cadre de vie am\u00e9lior\u00e9 aux populations.<\/p>\n\n\n\n<p>Ainsi, \u00e0 travers cette grande \u0153uvre, le gouvernement s\u00e9n\u00e9galais d\u00e9montre une fois de plus sa d\u00e9termination \u00e0 b\u00e2tir un pays plus inclusif, plus connect\u00e9 et plus prosp\u00e8re.&nbsp;<\/p>\n\n\n\n<p>Les infrastructures connexes \u00e0 r\u00e9aliser sont : une aire de service, deux \u00e9changeurs, deux (2) gares de p\u00e9age, six (6)viaducs, quarante-huit (48) ouvrages hydrauliques, cinq (5) passages sup\u00e9rieurs et vingt-deux (22) passages inf\u00e9rieurs. Les travaux seront men\u00e9s \u00a0par l\u2019Ageroute. D\u2019ailleurs, ses \u00e9l\u00e9ments supervisent le travail effectu\u00e9 par les entreprises. Ils veillent au grain pour le irrespect des d\u00e9lais et surtout des cahiers de charge.<\/p>\n","protected":false},"excerpt":{"rendered":"<p>L\u2019Autoroute Dakar-Saint-Louis, en cours de construction, constitue un projet phare pour le S\u00e9n\u00e9gal. En reliant les principaux p\u00f4les \u00e9conomiques du pays, elle promet de stimuler la croissance, de d\u00e9senclaver les r\u00e9gions et d\u2019am\u00e9liorer la mobilit\u00e9 des biens et des personnes.&nbsp;Cette visite avait pour but de v\u00e9rifier l\u2019avancement des travaux et de garantir que les d\u00e9lais, &hellip;<\/p>\n","protected":false},"author":1,"featured_media":9379,"comment_status":"open","ping_status":"open","sticky":false,"template":"","format":"standard","meta":{"footnotes":""},"categories":[1],"tags":[],"class_list":["post-9378","post","type-post","status-publish","format-standard","has-post-thumbnail","hentry","category-uncategorized"],"_links":{"self":[{"href":"https:\/\/saintlouisnews.sn\/index.php?rest_route=\/wp\/v2\/posts\/9378","targetHints":{"allow":["GET"]}}],"collection":[{"href":"https:\/\/saintlouisnews.sn\/index.php?rest_route=\/wp\/v2\/posts"}],"about":[{"href":"https:\/\/saintlouisnews.sn\/index.php?rest_route=\/wp\/v2\/types\/post"}],"author":[{"embeddable":true,"href":"https:\/\/saintlouisnews.sn\/index.php?rest_route=\/wp\/v2\/users\/1"}],"replies":[{"embeddable":true,"href":"https:\/\/saintlouisnews.sn\/index.php?rest_route=%2Fwp%2Fv2%2Fcomments&post=9378"}],"version-history":[{"count":3,"href":"https:\/\/saintlouisnews.sn\/index.php?rest_route=\/wp\/v2\/posts\/9378\/revisions"}],"predecessor-version":[{"id":9385,"href":"https:\/\/saintlouisnews.sn\/index.php?rest_route=\/wp\/v2\/posts\/9378\/revisions\/9385"}],"wp:featuredmedia":[{"embeddable":true,"href":"https:\/\/saintlouisnews.sn\/index.php?rest_route=\/wp\/v2\/media\/9379"}],"wp:attachment":[{"href":"https:\/\/saintlouisnews.sn\/index.php?rest_route=%2Fwp%2Fv2%2Fmedia&parent=9378"}],"wp:term":[{"taxonomy":"category","embeddable":true,"href":"https:\/\/saintlouisnews.sn\/index.php?rest_route=%2Fwp%2Fv2%2Fcategories&post=9378"},{"taxonomy":"post_tag","embeddable":true,"href":"https:\/\/saintlouisnews.sn\/index.php?rest_route=%2Fwp%2Fv2%2Ftags&post=9378"}],"curies":[{"name":"wp","href":"https:\/\/api.w.org\/{rel}","templated":true}]}}