{"id":9396,"date":"2025-11-14T22:02:24","date_gmt":"2025-11-14T22:02:24","guid":{"rendered":"https:\/\/saintlouisnews.sn\/?p=9396"},"modified":"2025-11-14T22:05:23","modified_gmt":"2025-11-14T22:05:23","slug":"yatma-fall-president-de-la-foaph","status":"publish","type":"post","link":"https:\/\/saintlouisnews.sn\/?p=9396","title":{"rendered":"Yatma FALL, Pr\u00e9sident de la\u00a0 FOAPH"},"content":{"rendered":"\n<p><strong><em>\u00ab&nbsp;Mettre en \u0153uvre la Loi d\u2019Orientation Sociale serait d\u00e9j\u00e0 un pas important vers des solutions durables pour l&rsquo;inclusion\u2026&nbsp;\u00bb<\/em><\/strong><\/p>\n\n\n\n<p><strong><em>Les\u00a0 mesures fortes annonc\u00e9es r\u00e9cemment par le Gouvernement en vue d\u2019am\u00e9liorer en permanence \u00ab\u00a0la situation des personnes vivant avec un handicap, de veiller \u00e0 leur insertion par l\u2019entrepreneuriat et l\u2019emploi, et de renforcer les dispositifs d\u2019accompagnement, afin de promouvoir leurs initiatives et activit\u00e9s g\u00e9n\u00e9ratrices de revenus\u00a0\u00bb, ont \u00e9t\u00e9 bien accueillies par les organisations de personnes handicap\u00e9es.<\/em><\/strong><\/p>\n\n\n\n<p>Selon \u00a0Yatma FALL le pr\u00e9sident de\u00a0 la F\u00e9d\u00e9ration\u00a0 Ouest africaine des Personnes handicap\u00e9es (FOAPH), cette panoplie de mesures annonc\u00e9es en conseil des ministres peut \u00eatre traduite comme l&rsquo;expression d&rsquo;une volont\u00e9 politique forte de placer l\u2019inclusion sociale au c\u0153ur des politiques publiques. \u00ab\u00a0Nous remercions les plus hautes autorit\u00e9s pour leur engagement en faveur de l\u2019am\u00e9lioration durable des conditions des personnes en situation de handicap\u00a0\u00bb, a soulign\u00e9 l\u2019expert en inclusion. Toutefois, M. FALL a tenu recommander que les concertations projet\u00e9es autour du ministre en charge de l&rsquo;action sociale doivent \u00eatre inclusives en regroupant toutes les parties prenantes. Aussi, a-t-il souhait\u00e9 que des recommandations pertinentes soient retenues, \u00e0 l\u2019issue de ces rencontres d\u00e9terminantes pour une prise en charge effective des personnes handicap\u00e9es. En pr\u00e9curseur, l\u2019ancien pr\u00e9sident de la F\u00e9d\u00e9ration s\u00e9n\u00e9galaise des Associations des Personnes handicap\u00e9es (FSAPH) a tenu \u00e0 rappeler la \u00ab\u00a0Loi d&rsquo;Orientation sociale\u00a0\u00bb (LOS) avait \u00e9t\u00e9 adopt\u00e9e d\u00e9j\u00e0 en 2010 pour apporter des solutions aux difficult\u00e9s que rencontrent les personnes handicap\u00e9es au S\u00e9n\u00e9gal mais beaucoup d\u2019aspects relatifs \u00e0 la prise en charge op\u00e9rationnelle des cibles restent en suspens faute de d\u00e9crets d\u2019application. \u00ab\u00a0Des m\u00e9canismes importants sont int\u00e9gr\u00e9s dans cette Loi comme mode op\u00e9ratoire. Il s&rsquo;agit donc de mettre en ces dispositions, comme l&rsquo;effectivit\u00e9 des services port\u00e9s par la Carte d&rsquo;\u00c9galit\u00e9 des Chances (CEC) le d\u00e9cret cr\u00e9ant le Fonds d&rsquo;Appui aux Personnes handicap\u00e9es (FAPH) et celui portant la cr\u00e9ation de la Haute Autorit\u00e9 sur le Handicap (HAH)\u00a0\u00bb, a fait remarquer le responsable moral de la FOAPH. Sous ce rapport, il a plaid\u00e9 pour la prise des d\u00e9crets de mise en \u0153uvre de la Loi, l&rsquo;\u00e9rection de la d&rsquo;\u00c9galit\u00e9 des Chances en programme national et l&rsquo;implication de tous les minist\u00e8res sectoriels pour l&rsquo;effectivit\u00e9 des services port\u00e9s par la carte. Joint \u00e0 Douala (Cameroun) o\u00f9 il participe \u00e0 une rencontre d\u2019\u00e9changes r\u00e9fl\u00e9chir sur le th\u00e8me\u00a0: \u00ab\u00a0Comment rendre inclusives les actions Humanitaires en ces moments de crise s\u00e9curitaire et de changement climatique\u00a0\u00bb, il a indiqu\u00e9 que l\u2019inclusion sociale et l\u2019am\u00e9lioration durable des conditions de vie des personnes handicap\u00e9es, sont aujourd\u2019hui des questions bien scrut\u00e9es dans les politiques publiques de d\u00e9veloppement en Afrique. \u00ab\u00a0Nous venons de faire adopter par la C\u00c9D\u00c9AO, un plan d&rsquo;action handicap en direction des Etats membres. Des programmes de plaidoyer et de renforcement des capacit\u00e9s des organisations de personnes handicap\u00e9es de la r\u00e9gion sont \u00e9galement en cours\u00a0\u00bb, a signal\u00e9 Yatma FALL.<\/p>\n","protected":false},"excerpt":{"rendered":"<p>\u00ab&nbsp;Mettre en \u0153uvre la Loi d\u2019Orientation Sociale serait d\u00e9j\u00e0 un pas important vers des solutions durables pour l&rsquo;inclusion\u2026&nbsp;\u00bb Les\u00a0 mesures fortes annonc\u00e9es r\u00e9cemment par le Gouvernement en vue d\u2019am\u00e9liorer en permanence \u00ab\u00a0la situation des personnes vivant avec un handicap, de veiller \u00e0 leur insertion par l\u2019entrepreneuriat et l\u2019emploi, et de renforcer les dispositifs d\u2019accompagnement, afin &hellip;<\/p>\n","protected":false},"author":1,"featured_media":9399,"comment_status":"open","ping_status":"open","sticky":false,"template":"","format":"standard","meta":{"footnotes":""},"categories":[218,219,228],"tags":[],"class_list":["post-9396","post","type-post","status-publish","format-standard","has-post-thumbnail","hentry","category-a-laune","category-actualites","category-politique"],"_links":{"self":[{"href":"https:\/\/saintlouisnews.sn\/index.php?rest_route=\/wp\/v2\/posts\/9396","targetHints":{"allow":["GET"]}}],"collection":[{"href":"https:\/\/saintlouisnews.sn\/index.php?rest_route=\/wp\/v2\/posts"}],"about":[{"href":"https:\/\/saintlouisnews.sn\/index.php?rest_route=\/wp\/v2\/types\/post"}],"author":[{"embeddable":true,"href":"https:\/\/saintlouisnews.sn\/index.php?rest_route=\/wp\/v2\/users\/1"}],"replies":[{"embeddable":true,"href":"https:\/\/saintlouisnews.sn\/index.php?rest_route=%2Fwp%2Fv2%2Fcomments&post=9396"}],"version-history":[{"count":1,"href":"https:\/\/saintlouisnews.sn\/index.php?rest_route=\/wp\/v2\/posts\/9396\/revisions"}],"predecessor-version":[{"id":9398,"href":"https:\/\/saintlouisnews.sn\/index.php?rest_route=\/wp\/v2\/posts\/9396\/revisions\/9398"}],"wp:featuredmedia":[{"embeddable":true,"href":"https:\/\/saintlouisnews.sn\/index.php?rest_route=\/wp\/v2\/media\/9399"}],"wp:attachment":[{"href":"https:\/\/saintlouisnews.sn\/index.php?rest_route=%2Fwp%2Fv2%2Fmedia&parent=9396"}],"wp:term":[{"taxonomy":"category","embeddable":true,"href":"https:\/\/saintlouisnews.sn\/index.php?rest_route=%2Fwp%2Fv2%2Fcategories&post=9396"},{"taxonomy":"post_tag","embeddable":true,"href":"https:\/\/saintlouisnews.sn\/index.php?rest_route=%2Fwp%2Fv2%2Ftags&post=9396"}],"curies":[{"name":"wp","href":"https:\/\/api.w.org\/{rel}","templated":true}]}}