{"id":9413,"date":"2025-11-16T17:50:10","date_gmt":"2025-11-16T17:50:10","guid":{"rendered":"https:\/\/saintlouisnews.sn\/?p=9413"},"modified":"2025-11-16T17:55:12","modified_gmt":"2025-11-16T17:55:12","slug":"9413-2","status":"publish","type":"post","link":"https:\/\/saintlouisnews.sn\/?p=9413","title":{"rendered":"Randonn\u00e9e p\u00e9destre : le Pr\u00e9sident Diomaye a march\u00e9 aux c\u00f4t\u00e9s des Forces arm\u00e9es\u00a0"},"content":{"rendered":"\n<p>Dans le cadre de la c\u00e9l\u00e9bration de la Journ\u00e9e des Forces arm\u00e9es, une randonn\u00e9e p\u00e9destre a r\u00e9uni ce dimanche hommes en tenue, civils et anciens combattants pour une marche de plus de 5 km. L\u2019\u00e9v\u00e9nement a \u00e9t\u00e9 marqu\u00e9 par la participation exceptionnelle du Pr\u00e9sident de la R\u00e9publique, Bassirou Diomaye Faye, Chef supr\u00eame des Arm\u00e9es, venu partager l\u2019effort, encourager les troupes et renforcer l\u2019esprit de corps.<\/p>\n\n\n\n<figure class=\"wp-block-image size-large\"><img loading=\"lazy\" decoding=\"async\" width=\"1024\" height=\"683\" src=\"https:\/\/saintlouisnews.sn\/wp-content\/uploads\/2025\/11\/swNzuflQwsFOEAhSCdLe3DhGKvmqRZ6y1DBvh7CK-1024x683.jpg\" alt=\"\" class=\"wp-image-9417\" srcset=\"https:\/\/saintlouisnews.sn\/wp-content\/uploads\/2025\/11\/swNzuflQwsFOEAhSCdLe3DhGKvmqRZ6y1DBvh7CK-1024x683.jpg 1024w, https:\/\/saintlouisnews.sn\/wp-content\/uploads\/2025\/11\/swNzuflQwsFOEAhSCdLe3DhGKvmqRZ6y1DBvh7CK-300x200.jpg 300w, https:\/\/saintlouisnews.sn\/wp-content\/uploads\/2025\/11\/swNzuflQwsFOEAhSCdLe3DhGKvmqRZ6y1DBvh7CK-768x512.jpg 768w, https:\/\/saintlouisnews.sn\/wp-content\/uploads\/2025\/11\/swNzuflQwsFOEAhSCdLe3DhGKvmqRZ6y1DBvh7CK.jpg 1080w\" sizes=\"auto, (max-width: 1024px) 100vw, 1024px\" \/><\/figure>\n\n\n\n<p>Cette \u00e9dition a \u00e9t\u00e9 plac\u00e9e sous le th\u00e8me : \u00ab Les Forces arm\u00e9es, partenaires des Jeux Olympiques de la Jeunesse Dakar 2026 \u00bb. Aux c\u00f4t\u00e9s du ministre des Forces arm\u00e9es, du Chef d\u2019\u00c9tat-major g\u00e9n\u00e9ral des Arm\u00e9es et des autorit\u00e9s militaires, le Chef de l\u2019\u00c9tat a v\u00e9cu un moment de coh\u00e9sion, de discipline et de proximit\u00e9 avec les hommes et les femmes qui pr\u00e9parent, aux c\u00f4t\u00e9s de la Nation, le succ\u00e8s de ce premier \u00e9v\u00e9nement olympique organis\u00e9 sur le continent africain.<\/p>\n\n\n\n<p>D\u00e9sormais inscrite dans l\u2019agenda r\u00e9publicain, cette randonn\u00e9e se tiendra chaque premier dimanche suivant la Journ\u00e9e des Forces arm\u00e9es. Elle symbolise l\u2019esprit de r\u00e9silience, de mobilisation et d\u2019endurance qui anime nos forces de d\u00e9fense et de s\u00e9curit\u00e9, appel\u00e9es \u00e0 jouer un r\u00f4le central dans l\u2019accueil, la s\u00e9curit\u00e9 et le rayonnement des JOJ Dakar 2026.<\/p>\n\n\n\n<figure class=\"wp-block-image size-large\"><img loading=\"lazy\" decoding=\"async\" width=\"1024\" height=\"682\" src=\"https:\/\/saintlouisnews.sn\/wp-content\/uploads\/2025\/11\/92597527-64885540-1024x682.jpg\" alt=\"\" class=\"wp-image-9415\" srcset=\"https:\/\/saintlouisnews.sn\/wp-content\/uploads\/2025\/11\/92597527-64885540-1024x682.jpg 1024w, https:\/\/saintlouisnews.sn\/wp-content\/uploads\/2025\/11\/92597527-64885540-300x200.jpg 300w, https:\/\/saintlouisnews.sn\/wp-content\/uploads\/2025\/11\/92597527-64885540-768x512.jpg 768w, https:\/\/saintlouisnews.sn\/wp-content\/uploads\/2025\/11\/92597527-64885540-1536x1024.jpg 1536w, https:\/\/saintlouisnews.sn\/wp-content\/uploads\/2025\/11\/92597527-64885540-2048x1365.jpg 2048w\" sizes=\"auto, (max-width: 1024px) 100vw, 1024px\" \/><\/figure>\n\n\n\n<p>Dans son discours, le ministre Birame Diop a salu\u00e9 la pr\u00e9sence du pr\u00e9sident de la R\u00e9publique et a exprim\u00e9 sa gratitude :&nbsp;\u00ab\u00a0Permettez-moi, au nom de l\u2019ensemble du personnel des Forces arm\u00e9es, de vous remercier tr\u00e8s sinc\u00e8rement pour l\u2019honneur que vous nous faites en participant \u00e0 cette premi\u00e8re \u00e9dition de la Randonn\u00e9e des Forces arm\u00e9es.\u00a0\u00bb<\/p>\n\n\n\n<p>Selon lui, cette initiative rev\u00eat une importance particuli\u00e8re : \u00ab\u00a0Avec l\u2019organisation de cette randonn\u00e9e de coh\u00e9sion, dans le m\u00eame uniforme, les Forces arm\u00e9es souhaitent rappeler \u00e0 leurs personnels leur appartenance \u00e0 la m\u00eame institution, leur devoir de toujours renforcer leur fraternit\u00e9 et leur camaraderie d\u2019armes, ainsi que leur obligation permanente de coordonner leurs efforts pour assurer, de mani\u00e8re optimale, leur mission de s\u00e9curisation du territoire national et de protection des personnes et des biens.\u00a0\u00bb<\/p>\n\n\n\n<p>Le G\u00e9n\u00e9ral Diop a \u00e9galement affirm\u00e9 que les Forces arm\u00e9es, solidaires et unies, entendent poursuivre leur collaboration avec les autres Forces de d\u00e9fense et de s\u00e9curit\u00e9 afin de garantir un S\u00e9n\u00e9gal s\u00e9curis\u00e9 et durablement stable. Il a enfin rappel\u00e9 leur engagement \u00e0 contribuer au d\u00e9veloppement socio-\u00e9conomique du pays \u00e0 travers une mise en \u0153uvre renforc\u00e9e du concept Arm\u00e9e-Nation.<\/p>\n\n\n\n<p>La Pr\u00e9sidence de la R\u00e9publique a salu\u00e9 cette initiative, soulignant qu\u2019elle renforce les liens entre l\u2019arm\u00e9e et la population et rappelle la contribution d\u00e9terminante des Forces arm\u00e9es \u00e0 la construction d\u2019un S\u00e9n\u00e9gal souverain, uni et tourn\u00e9 vers l\u2019avenir.<\/p>\n","protected":false},"excerpt":{"rendered":"<p>Dans le cadre de la c\u00e9l\u00e9bration de la Journ\u00e9e des Forces arm\u00e9es, une randonn\u00e9e p\u00e9destre a r\u00e9uni ce dimanche hommes en tenue, civils et anciens combattants pour une marche de plus de 5 km. L\u2019\u00e9v\u00e9nement a \u00e9t\u00e9 marqu\u00e9 par la participation exceptionnelle du Pr\u00e9sident de la R\u00e9publique, Bassirou Diomaye Faye, Chef supr\u00eame des Arm\u00e9es, venu &hellip;<\/p>\n","protected":false},"author":1,"featured_media":9414,"comment_status":"open","ping_status":"open","sticky":false,"template":"","format":"standard","meta":{"footnotes":""},"categories":[218,219,228],"tags":[],"class_list":["post-9413","post","type-post","status-publish","format-standard","has-post-thumbnail","hentry","category-a-laune","category-actualites","category-politique"],"_links":{"self":[{"href":"https:\/\/saintlouisnews.sn\/index.php?rest_route=\/wp\/v2\/posts\/9413","targetHints":{"allow":["GET"]}}],"collection":[{"href":"https:\/\/saintlouisnews.sn\/index.php?rest_route=\/wp\/v2\/posts"}],"about":[{"href":"https:\/\/saintlouisnews.sn\/index.php?rest_route=\/wp\/v2\/types\/post"}],"author":[{"embeddable":true,"href":"https:\/\/saintlouisnews.sn\/index.php?rest_route=\/wp\/v2\/users\/1"}],"replies":[{"embeddable":true,"href":"https:\/\/saintlouisnews.sn\/index.php?rest_route=%2Fwp%2Fv2%2Fcomments&post=9413"}],"version-history":[{"count":2,"href":"https:\/\/saintlouisnews.sn\/index.php?rest_route=\/wp\/v2\/posts\/9413\/revisions"}],"predecessor-version":[{"id":9419,"href":"https:\/\/saintlouisnews.sn\/index.php?rest_route=\/wp\/v2\/posts\/9413\/revisions\/9419"}],"wp:featuredmedia":[{"embeddable":true,"href":"https:\/\/saintlouisnews.sn\/index.php?rest_route=\/wp\/v2\/media\/9414"}],"wp:attachment":[{"href":"https:\/\/saintlouisnews.sn\/index.php?rest_route=%2Fwp%2Fv2%2Fmedia&parent=9413"}],"wp:term":[{"taxonomy":"category","embeddable":true,"href":"https:\/\/saintlouisnews.sn\/index.php?rest_route=%2Fwp%2Fv2%2Fcategories&post=9413"},{"taxonomy":"post_tag","embeddable":true,"href":"https:\/\/saintlouisnews.sn\/index.php?rest_route=%2Fwp%2Fv2%2Ftags&post=9413"}],"curies":[{"name":"wp","href":"https:\/\/api.w.org\/{rel}","templated":true}]}}