{"id":9453,"date":"2025-11-19T23:26:47","date_gmt":"2025-11-19T23:26:47","guid":{"rendered":"https:\/\/saintlouisnews.sn\/?p=9453"},"modified":"2025-11-19T23:52:36","modified_gmt":"2025-11-19T23:52:36","slug":"ce-mercredi-19-novembre-2025-bassirou-diomaye-faye-a-preside-le-conseil-des-ministres","status":"publish","type":"post","link":"https:\/\/saintlouisnews.sn\/?p=9453","title":{"rendered":"Ce mercredi 19 novembre 2025, Bassirou Diomaye Faye a pr\u00e9sid\u00e9 le Conseil des ministres."},"content":{"rendered":"\n<p>Il en a profit\u00e9 pour mettre en avant six points importants. Les voici :<\/p>\n\n\n\n<h3 class=\"wp-block-heading\"><strong>1- Dialogue social dans les secteurs de l\u2019\u00c9ducation et de la Sant\u00e9<\/strong><\/h3>\n\n\n\n<p>\u00c0 l\u2019entame de ce Conseil des ministres, le Pr\u00e9sident de la R\u00e9publique a mis l\u2019accent sur le renforcement du dialogue social dans les secteurs de l\u2019\u00c9ducation et de la Sant\u00e9. Il a ainsi expliqu\u00e9 que la stabilit\u00e9 dans ces deux secteurs n\u00e9vralgiques constituait un imp\u00e9ratif. De ce fait, il \u00ab demande au gouvernement, en relation avec les partenaires de la communaut\u00e9 \u00e9ducative, notamment les organisations syndicales, de renforcer les concertations et le dialogue social, afin de garantir la continuit\u00e9 des enseignements et apprentissages, le respect du calendrier scolaire et d\u2019accomplir les diligences et mesures administratives attendues dans le cadre des engagements souscrits et accords sign\u00e9s \u00bb.<\/p>\n\n\n\n<p>Poursuivant, Bassirou Diomaye Faye a mis l\u2019accent sur le suivi permanent du Pacte national de stabilit\u00e9 sociale. Dans cette optique, il engage les ministres charg\u00e9s de la Fonction publique et du Travail, de l\u2019\u00c9ducation nationale et des Finances et du Budget, \u00e0 \u00ab faire la situation globale et l\u2019\u00e9valuation g\u00e9n\u00e9rale de l\u2019impact des accords sign\u00e9s avec les syndicats d\u2019enseignants et, chaque ministre, \u00e0 assurer le suivi r\u00e9gulier du dialogue social dans son d\u00e9partement minist\u00e9riel \u00bb. Par ailleurs, il souhaite que le ministre de la Fonction publique, du Travail et de la R\u00e9forme du Service public fasse un point mensuel en Conseil des ministres sur l\u2019\u00e9tat d\u2019ex\u00e9cution des engagements du Pacte national de stabilit\u00e9 sociale pour une croissance inclusive et durable.<\/p>\n\n\n\n<h3 class=\"wp-block-heading\"><strong>2- Emploi des jeunes<\/strong><\/h3>\n\n\n\n<p>Par la suite, le Chef de l\u2019\u00c9tat a abord\u00e9 un autre point crucial : l\u2019emploi des jeunes, qui selon lui constitue une priorit\u00e9 dans l\u2019Agenda national de transformation 2050. Il a ainsi rappel\u00e9 au Premier ministre l\u2019urgence de prendre toutes les dispositions requises afin d\u2019acc\u00e9l\u00e9rer la finalisation du nouveau document portant Politique nationale de l\u2019Emploi, avant la fin du mois de d\u00e9cembre 2025.<br>En ce sens, il souhaite la transformation et l\u2019adaptation des dispositifs de la formation professionnelle et technique, le tout en acc\u00e9l\u00e9rant :<\/p>\n\n\n\n<p>-la mont\u00e9e en puissance et le d\u00e9veloppement de la formation duale ;<br>le renforcement des interventions du Fonds de financement de la formation professionnelle et technique ;<br>-la r\u00e9alisation des centres de formation professionnelle et technique dans l\u2019ensemble des d\u00e9partements du S\u00e9n\u00e9gal.<\/p>\n\n\n\n<p>Pour y arriver, le Pr\u00e9sident Faye aspire \u00e0 f\u00e9d\u00e9rer toutes les ressources et actions des projets et structures de promotion de l\u2019emploi des jeunes, pour mettre en \u0153uvre un Programme national de promotion de l\u2019Emploi des Jeunes. La mise en place du Conseil consultatif des Jeunes du S\u00e9n\u00e9gal et la r\u00e9gularit\u00e9 des r\u00e9unions du Conseil national pour l\u2019Insertion et l\u2019Emploi des Jeunes constituent des \u00e9l\u00e9ments primordiaux pour arriver aux fins escompt\u00e9es.<\/p>\n\n\n\n<p>En outre, \u00ab le Chef de l\u2019\u00c9tat rappelle que l\u2019ann\u00e9e 2026 sera consacr\u00e9e \u00e0 la promotion de l\u2019emploi et au d\u00e9veloppement de l\u2019\u00e9conomie sociale et solidaire \u00bb, note la communication.<\/p>\n\n\n\n<h3 class=\"wp-block-heading\"><strong>3- Comm\u00e9moration du 81\u1d49 anniversaire du Massacre de Thiaroye et organisation de la Journ\u00e9e des Tirailleurs s\u00e9n\u00e9galais<\/strong><\/h3>\n\n\n\n<p>Le 1er d\u00e9cembre 2025 aura lieu la comm\u00e9moration du 81\u1d49 Massacre de Thiaroye, mais aussi la Journ\u00e9e des Tirailleurs s\u00e9n\u00e9galais, des activit\u00e9s phares de l\u2019agenda national, souligne Bassirou Diomaye Faye. Il demande donc au gouvernement, en liaison avec toutes les parties prenantes, de \u00ab prendre toutes les dispositions pratiques pour le bon d\u00e9roulement des c\u00e9r\u00e9monies de comm\u00e9moration du Massacre de Thiaroye, de finaliser la mise en place fonctionnelle du mus\u00e9e relatif aux \u00e9v\u00e8nements de Thiaroye et de poursuivre le travail de recherche scientifique entam\u00e9, en vue de r\u00e9tablir la v\u00e9rit\u00e9 sur cet \u00e9v\u00e8nement historique douloureux, grav\u00e9 dans notre m\u00e9moire collective \u00bb.<\/p>\n\n\n\n<h3 class=\"wp-block-heading\"><strong>4- Mise en \u0153uvre du Programme \u00ab Ind\u00e9pendance \u00bb dans les chefs-lieux des r\u00e9gions<\/strong><\/h3>\n\n\n\n<p>Dans la suite de sa prise de parole, le Chef de l\u2019\u00c9tat a abord\u00e9 la question de la mise en place des P\u00f4les territoires, qui contribuent \u00e0 une d\u00e9marche d\u2019\u00e9quit\u00e9 territoriale. Dans cette perspective, il \u00ab envisage la c\u00e9l\u00e9bration de la f\u00eate nationale dans les chefs-lieux des r\u00e9gions, autres que Dakar, sous sa pr\u00e9sidence, en pr\u00e9sence des populations et des autorit\u00e9s civiles et militaires concern\u00e9es \u00bb.<br>Pour ce faire, il souhaite que le Premier ministre, en liaison avec les parties prenantes, mette en \u0153uvre, d\u00e8s l\u2019ann\u00e9e 2026, un Programme national de modernisation des infrastructures et \u00e9quipements des chefs-lieux de r\u00e9gion, d\u00e9nomm\u00e9 \u00ab Programme Ind\u00e9pendance \u00bb, source d\u2019attractivit\u00e9 des territoires et de relance \u00e9conomique.<\/p>\n\n\n\n<h3 class=\"wp-block-heading\"><strong>5- Tourisme et valorisation des potentialit\u00e9s culturelles<\/strong><\/h3>\n\n\n\n<p>Le tourisme constitue, pour le Pr\u00e9sident de la R\u00e9publique, un secteur moteur de croissance \u00e9conomique, de cr\u00e9ation d\u2019emplois et de promotion du d\u00e9veloppement durable des territoires. Pour maximiser cela, il souhaite que ses \u00e9quipes accentuent la mise en \u0153uvre des programmes de promotion de la Destination S\u00e9n\u00e9gal, tout comme l\u2019acc\u00e9l\u00e9ration de la modernisation des zones touristiques, la valorisation de nos patrimoines culturels et naturels, ainsi que la r\u00e9alisation soutenue de r\u00e9ceptifs h\u00f4teliers et touristiques de classe mondiale sur le territoire national.<\/p>\n\n\n\n<p>Apr\u00e8s avoir signifi\u00e9 son attachement au d\u00e9veloppement de nouvelles zones touristiques, au renforcement de la qualit\u00e9 des offres et prestations touristiques pour am\u00e9liorer la comp\u00e9titivit\u00e9 de la Destination S\u00e9n\u00e9gal, il a demand\u00e9 que l\u2019accent soit \u00e9galement mis sur la s\u00e9curisation des zones et sites touristiques \u00e0 travers le d\u00e9ploiement de dispositifs sp\u00e9ciaux, l\u2019inventaire exhaustif et la valorisation du patrimoine national class\u00e9 sur l\u2019\u00eele de Gor\u00e9e, et la mise en coh\u00e9rence des politiques culturelle et touristique.<\/p>\n\n\n\n<p>Poursuivant, il \u00ab demande au gouvernement de prendre toutes les dispositions n\u00e9cessaires en vue d\u2019assurer le bon d\u00e9roulement de la premi\u00e8re \u00e9dition du Festival ouest-africain des Arts et de la Culture (ECOFEST), pr\u00e9vue du 30 novembre au 05 d\u00e9cembre 2025 \u00e0 Dakar \u00bb.<\/p>\n\n\n\n<h3 class=\"wp-block-heading\"><strong>6- Agenda pr\u00e9sidentiel<\/strong><\/h3>\n\n\n\n<p>Pour cl\u00f4turer ce Conseil des ministres, le Chef de l\u2019\u00c9tat informe qu\u2019il participera, du 23 au 26 novembre 2025, \u00e0 Luanda en Angola, au Sommet Union europ\u00e9enne \/ Union africaine.<\/p>\n\n\n\n<p><strong>AU TITRE DE LA COMMUNICATION DU PREMIER MINISTRE<\/strong><\/p>\n\n\n\n<p>Monsieur le Premier Ministre a fait une communication sur les orientations du Gouvernement en mati\u00e8re de politique m\u00e9morielle. Il a, tout d\u2019abord, fait le rappel des directives et actes pos\u00e9s en mati\u00e8re de politique m\u00e9morielle du Gouvernement. Il a, ensuite, abord\u00e9 la valorisation du patrimoine m\u00e9moriel du S\u00e9n\u00e9gal puis la perp\u00e9tuation des acquis de la politique m\u00e9morielle.<\/p>\n\n\n\n<p>Il a particuli\u00e8rement insist\u00e9 sur la construction de la Maison des Archives, de la Biblioth\u00e8que nationale et de biblioth\u00e8ques dans les r\u00e9gions, l\u2019\u00e9rection d\u2019un M\u00e9morial \u00e0 Thiaroye en l\u2019honneur des tirailleurs s\u00e9n\u00e9galais, la cr\u00e9ation d\u2019un Centre de documenta- tion et de recherche d\u00e9di\u00e9 aux \u00ab Tirailleurs s\u00e9n\u00e9galais \u00bb, l\u2019enseignement de l\u2019histoire du Massacre de Thiaroye dans les \u00e9coles s\u00e9n\u00e9galaises, la c\u00e9l\u00e9bration, chaque ann\u00e9e, d\u2019une journ\u00e9e du Tirailleur et la cr\u00e9ation d\u2019un Conseil national de la M\u00e9moire et de la Gestion du Patrimoine historique (CNMGPH) ainsi que du Centre de Documentation. au Cimeti\u00e8re de Thiaroye.<\/p>\n\n\n\n<p>Le Premier Ministre a cit\u00e9, dans la m\u00eame lanc\u00e9e, l\u2019hom- mage solennel rendu au Professeur Amadou Makhtar MBOW le 28 octobre 2025 et la prochaine c\u00e9l\u00e9bration de la deuxi\u00e8me (2\u00e8me) \u00e9dition du souvenir du Massacre de Thiaroye. Pour le Premier Ministre, la valorisation de notre patrimoine m\u00e9moriel est une n\u00e9cessit\u00e9.<\/p>\n\n\n\n<p>Elle passe par le r\u00e9cit historique et l\u2019\u00e9rection de symboles. En ce qui concerne le r\u00e9cit historique, il convient d\u2019une part de mettre en lumi\u00e8re les figures embl\u00e9matiques dont regorge notre pays et d\u2019autre part, de r\u00e9tablir les faits historiques dans leur authenticit\u00e9 et leur objectivit\u00e9. Quant aux symboles, ils doivent constituer un rappel permanent de notre histoire et jouer un r\u00f4le important dans la promotion touristique.<\/p>\n\n\n\n<p>Dans ce sillage, le Premier Ministre a abord\u00e9 la cr\u00e9ation de mus\u00e9es historiques des royaut\u00e9s traditionnelles, comme celui de Dekheul\u00e9, dans des sites historiques comme Path\u00e9 Badiane (PaosKoto), Yang Yang, Ndorna (Fouladou) et Nder, l\u2019\u00e9dification de la Biblioth\u00e8que nationale, outil de r\u00e9appropriation de notre m\u00e9moire collective et r\u00e9ceptacle de notre patrimoine documentaire national, ainsi que la Maison des Archives.<\/p>\n\n\n\n<p>Par ailleurs, abordant la r\u00e9forme de l\u2019administration, il a demand\u00e9 de mettre en place un Programme gouvernemental de formation continue et d\u2019excellence administrative. S\u2019agissant de la strat\u00e9gie globale de rayonnement international du S\u00e9n\u00e9gal, le Premier Ministre a engag\u00e9 une r\u00e9flexion nationale sur la cr\u00e9ation d\u2019une plateforme de marque \u00ab&nbsp;S\u00e9n\u00e9gal&nbsp;\u00bb ou \u00ab&nbsp;Teranga S\u00e9n\u00e9gal&nbsp;\u00bb, une nouvelle identit\u00e9 internationale valorisant nos atouts culturels, sportifs, \u00e9conomiques et technologiques, une strat\u00e9gie de diplomatie culturelle et sportive renforc\u00e9e et la mobilisation des JOJ Dakar 2026 comme levier majeur de visibilit\u00e9, d\u2019influence et d\u2019unit\u00e9 nationale.<\/p>\n\n\n\n<p>En mati\u00e8re de s\u00e9curit\u00e9 routi\u00e8re, sur la base des recommandations des \u00e9tats g\u00e9n\u00e9raux des transports publics du mois d\u2019octobre 2025, il a instruit les ministres concern\u00e9s de soumettre, avant la fin de l\u2019ann\u00e9e 2025, un plan d\u2019action op\u00e9rationnel, chiffr\u00e9 et \u00e9valuable, qui fera l\u2019objet d\u2019un suivi par un comit\u00e9 multidisciplinaire plac\u00e9 sous l\u2019autorit\u00e9 de la Primature.<\/p>\n\n\n\n<p>Le Premier Ministre a clos sa communication avec le projet strat\u00e9gique de construction de la ligne ferroviaire Dakar-Tambacounda, en relevant que le Gouvernement a engag\u00e9 les travaux pr\u00e9paratoires de cette ligne ferroviaire \u00e0 \u00e9cartement standard. Ce projet structurant, dont la finalisation de la phase pr\u00e9paratoire est pr\u00e9vue en 2026, contribuera \u00e0 la mobi- lit\u00e9 durable, \u00e0 la s\u00e9curit\u00e9 routi\u00e8re, au d\u00e9senclavement territorial et au d\u00e9veloppement industriel et logistique. Avant sa mise en \u0153uvre, la voie m\u00e9trique r\u00e9habilit\u00e9e continuera \u00e0 garantir la continuit\u00e9 du service et la pr\u00e9servation de l\u2019expertise ferroviaire nationale.<\/p>\n\n\n\n<p><strong>AU TITRE DES COMMUNICATIONS DES MINISTRES<\/strong><\/p>\n\n\n\n<p>Monsieur le Ministre de l\u2019Urbanisme, des Collectivit\u00e9s territoriales et de l\u2019Am\u00e9nagement des territoires a fait une communication sur le processus de d\u00e9ploiement des P\u00f4les-Territoires.<\/p>\n\n\n\n<p>Monsieur le Ministre de l\u2019Industrie et du Commerce a pr\u00e9sent\u00e9 une communication sur l\u2019approvisionnement du march\u00e9 en denr\u00e9es alimentaires, la commercialisation du riz local et la situation du financement et de la commercialisation de l\u2019arachide par la SONACOS.<\/p>\n\n\n\n<p>Madame le Ministre de la Jeunesse et des Sports a fait une communication sur le Programme des Sports des Jeux olympiques de la Jeunesse (JOJ) Dakar 2026.<\/p>\n\n\n\n<p><strong>AU TITRE DES TEXTES LEGISLATIFS ET REGLEMENTAIRES<\/strong><\/p>\n\n\n\n<p>Le Conseil a examin\u00e9 et adopt\u00e9:<\/p>\n\n\n\n<p>\u2013 le projet de d\u00e9cret relatif \u00e0 l\u2019\u00e9tiquetage \u00e9nerg\u00e9tique des lampes \u00e9lectriques et des appareils \u00e9lectrom\u00e9nagers neufs;<\/p>\n\n\n\n<p>\u2013 le projet de d\u00e9cret relatif au contr\u00f4le de la qualit\u00e9 des \u00e9quipements constitutifs d\u2019un syst\u00e8me solaire photovolta\u00efque;<\/p>\n\n\n\n<p>\u2013 le projet de d\u00e9cret fixant les normes et sp\u00e9cifications techniques du gaz naturel;<\/p>\n\n\n\n<p>\u2013 le projet de d\u00e9cret modifiant le d\u00e9cret n\u00b02006-392 du 27 avril 2006 compl\u00e9tant le d\u00e9cret n\u00b077-987 du 14 novembre 1977 portant statut particulier du cadre des fonctionnaires de l\u2019Enseignement;<\/p>\n\n\n\n<p>\u2013 le projet de d\u00e9cret modifiant le d\u00e9cret n\u00b074-347 du 12 avril 1974 fixant le r\u00e9gime sp\u00e9cial applicable aux agents non fonctionnaires de l\u2019Etat;<\/p>\n\n\n\n<p>\u2013 le projet de d\u00e9cret modifiant le d\u00e9cret n\u00b077-887 du 12 octobre 1977 portant statut particulier du cadre des fonctionnaires de la Sant\u00e9 publique et de l\u2019Action sociale.<\/p>\n\n\n\n<p><strong>Marie Rose Khady Fatou FAYE Secr\u00e9taire d\u2019Etat aupr\u00e8s du Premier Ministre, Charg\u00e9e des Relations avec les Institutions, Porte-parole du Gouvernement<\/strong><\/p>\n\n\n\n<p><\/p>\n\n\n\n<p><\/p>\n\n\n\n<p><\/p>\n","protected":false},"excerpt":{"rendered":"<p>Il en a profit\u00e9 pour mettre en avant six points importants. Les voici : 1- Dialogue social dans les secteurs de l\u2019\u00c9ducation et de la Sant\u00e9 \u00c0 l\u2019entame de ce Conseil des ministres, le Pr\u00e9sident de la R\u00e9publique a mis l\u2019accent sur le renforcement du dialogue social dans les secteurs de l\u2019\u00c9ducation et de la &hellip;<\/p>\n","protected":false},"author":1,"featured_media":9454,"comment_status":"open","ping_status":"open","sticky":false,"template":"","format":"standard","meta":{"footnotes":""},"categories":[218,219,228],"tags":[],"class_list":["post-9453","post","type-post","status-publish","format-standard","has-post-thumbnail","hentry","category-a-laune","category-actualites","category-politique"],"_links":{"self":[{"href":"https:\/\/saintlouisnews.sn\/index.php?rest_route=\/wp\/v2\/posts\/9453","targetHints":{"allow":["GET"]}}],"collection":[{"href":"https:\/\/saintlouisnews.sn\/index.php?rest_route=\/wp\/v2\/posts"}],"about":[{"href":"https:\/\/saintlouisnews.sn\/index.php?rest_route=\/wp\/v2\/types\/post"}],"author":[{"embeddable":true,"href":"https:\/\/saintlouisnews.sn\/index.php?rest_route=\/wp\/v2\/users\/1"}],"replies":[{"embeddable":true,"href":"https:\/\/saintlouisnews.sn\/index.php?rest_route=%2Fwp%2Fv2%2Fcomments&post=9453"}],"version-history":[{"count":2,"href":"https:\/\/saintlouisnews.sn\/index.php?rest_route=\/wp\/v2\/posts\/9453\/revisions"}],"predecessor-version":[{"id":9468,"href":"https:\/\/saintlouisnews.sn\/index.php?rest_route=\/wp\/v2\/posts\/9453\/revisions\/9468"}],"wp:featuredmedia":[{"embeddable":true,"href":"https:\/\/saintlouisnews.sn\/index.php?rest_route=\/wp\/v2\/media\/9454"}],"wp:attachment":[{"href":"https:\/\/saintlouisnews.sn\/index.php?rest_route=%2Fwp%2Fv2%2Fmedia&parent=9453"}],"wp:term":[{"taxonomy":"category","embeddable":true,"href":"https:\/\/saintlouisnews.sn\/index.php?rest_route=%2Fwp%2Fv2%2Fcategories&post=9453"},{"taxonomy":"post_tag","embeddable":true,"href":"https:\/\/saintlouisnews.sn\/index.php?rest_route=%2Fwp%2Fv2%2Ftags&post=9453"}],"curies":[{"name":"wp","href":"https:\/\/api.w.org\/{rel}","templated":true}]}}