{"id":9464,"date":"2025-11-19T23:44:03","date_gmt":"2025-11-19T23:44:03","guid":{"rendered":"https:\/\/saintlouisnews.sn\/?p=9464"},"modified":"2025-11-19T23:44:04","modified_gmt":"2025-11-19T23:44:04","slug":"le-budget-2026-du-ministere-de-la-justice-connait-une-baisse-de-17","status":"publish","type":"post","link":"https:\/\/saintlouisnews.sn\/?p=9464","title":{"rendered":"Le budget 2026 du minist\u00e8re de la Justice connait une baisse de 17%"},"content":{"rendered":"\n<p>Ce mercredi 19 novembre 2025, la Commission des Finances et du Contr\u00f4le budg\u00e9taire, \u00e9largie \u00e0 la Commission des Lois, de la D\u00e9centralisation, du Travail et des Droits humains de l\u2019Assembl\u00e9e nationale du S\u00e9n\u00e9gal, a examin\u00e9 et adopt\u00e9 le projet de budget 2026 du minist\u00e8re de la Justice, renseigne l\u2019H\u00e9micycle. Il a \u00e9t\u00e9 d\u00e9fendu par la ministre de tutelle, Yassine Fall. Ainsi, l\u2019enveloppe budg\u00e9taire 2026 du minist\u00e8re est fix\u00e9 \u00e0 81 354 555 099 FCFA en autorisations d\u2019engagement (AE) et 81 006 199 801 FCFA en cr\u00e9dits de paiement (CP), contre 97 794 361 061 FCFA dans la Loi de finances initiale 2025.<\/p>\n\n\n\n<p>Ce budget connait une baisse de 16 788 161 260 FCFA en valeur absolue, soit 17 % en valeur relative. \u00ab&nbsp;<em>Cette diminution s\u2019explique principalement par l\u2019absence, en 2026, des d\u00e9penses de transferts en capital \u2014 d\u2019un montant de 20 milliards FCFA en 2025 \u2014 qui \u00e9taient destin\u00e9es au Programme de modernisation des infrastructures judiciaires<\/em>&nbsp;\u00bb, explique l\u2019H\u00e9micycle.<\/p>\n","protected":false},"excerpt":{"rendered":"<p>Ce mercredi 19 novembre 2025, la Commission des Finances et du Contr\u00f4le budg\u00e9taire, \u00e9largie \u00e0 la Commission des Lois, de la D\u00e9centralisation, du Travail et des Droits humains de l\u2019Assembl\u00e9e nationale du S\u00e9n\u00e9gal, a examin\u00e9 et adopt\u00e9 le projet de budget 2026 du minist\u00e8re de la Justice, renseigne l\u2019H\u00e9micycle. Il a \u00e9t\u00e9 d\u00e9fendu par la &hellip;<\/p>\n","protected":false},"author":1,"featured_media":9465,"comment_status":"open","ping_status":"open","sticky":false,"template":"","format":"standard","meta":{"footnotes":""},"categories":[218,219,231],"tags":[],"class_list":["post-9464","post","type-post","status-publish","format-standard","has-post-thumbnail","hentry","category-a-laune","category-actualites","category-societe"],"_links":{"self":[{"href":"https:\/\/saintlouisnews.sn\/index.php?rest_route=\/wp\/v2\/posts\/9464","targetHints":{"allow":["GET"]}}],"collection":[{"href":"https:\/\/saintlouisnews.sn\/index.php?rest_route=\/wp\/v2\/posts"}],"about":[{"href":"https:\/\/saintlouisnews.sn\/index.php?rest_route=\/wp\/v2\/types\/post"}],"author":[{"embeddable":true,"href":"https:\/\/saintlouisnews.sn\/index.php?rest_route=\/wp\/v2\/users\/1"}],"replies":[{"embeddable":true,"href":"https:\/\/saintlouisnews.sn\/index.php?rest_route=%2Fwp%2Fv2%2Fcomments&post=9464"}],"version-history":[{"count":1,"href":"https:\/\/saintlouisnews.sn\/index.php?rest_route=\/wp\/v2\/posts\/9464\/revisions"}],"predecessor-version":[{"id":9466,"href":"https:\/\/saintlouisnews.sn\/index.php?rest_route=\/wp\/v2\/posts\/9464\/revisions\/9466"}],"wp:featuredmedia":[{"embeddable":true,"href":"https:\/\/saintlouisnews.sn\/index.php?rest_route=\/wp\/v2\/media\/9465"}],"wp:attachment":[{"href":"https:\/\/saintlouisnews.sn\/index.php?rest_route=%2Fwp%2Fv2%2Fmedia&parent=9464"}],"wp:term":[{"taxonomy":"category","embeddable":true,"href":"https:\/\/saintlouisnews.sn\/index.php?rest_route=%2Fwp%2Fv2%2Fcategories&post=9464"},{"taxonomy":"post_tag","embeddable":true,"href":"https:\/\/saintlouisnews.sn\/index.php?rest_route=%2Fwp%2Fv2%2Ftags&post=9464"}],"curies":[{"name":"wp","href":"https:\/\/api.w.org\/{rel}","templated":true}]}}