{"id":9497,"date":"2025-11-24T21:16:26","date_gmt":"2025-11-24T21:16:26","guid":{"rendered":"https:\/\/saintlouisnews.sn\/?p=9497"},"modified":"2025-11-24T22:38:28","modified_gmt":"2025-11-24T22:38:28","slug":"me-moussa-diop-rejoint-la-coalition-diomaye-president","status":"publish","type":"post","link":"https:\/\/saintlouisnews.sn\/?p=9497","title":{"rendered":"Me Moussa Diop rejoint la coalition \u00ab\u00a0Diomaye Pr\u00e9sident\u00a0\u00bb"},"content":{"rendered":"\n<p>Face \u00e0 la situation \u00e9conomique, sociale et politique que traverse le S\u00e9n\u00e9gal, Me Moussa Diop a annonc\u00e9 la d\u00e9cision officielle prise par son parti, AND GOR \/ JOTNA. Dans une d\u00e9claration faite ce dimanche, l\u2019ancien alli\u00e9 de l\u2019APR a officialis\u00e9 son ralliement \u00e0 la Coalition Diomaye Pr\u00e9sident.Me Moussa Diop invite ainsi tous ses militants et sympathisants \u00e0 rejoindre cette nouvelle dynamique pour faire face aux urgences nationales.<\/p>\n","protected":false},"excerpt":{"rendered":"<p>Face \u00e0 la situation \u00e9conomique, sociale et politique que traverse le S\u00e9n\u00e9gal, Me Moussa Diop a annonc\u00e9 la d\u00e9cision officielle prise par son parti, AND GOR \/ JOTNA. Dans une d\u00e9claration faite ce dimanche, l\u2019ancien alli\u00e9 de l\u2019APR a officialis\u00e9 son ralliement \u00e0 la Coalition Diomaye Pr\u00e9sident.Me Moussa Diop invite ainsi tous ses militants et &hellip;<\/p>\n","protected":false},"author":1,"featured_media":9498,"comment_status":"open","ping_status":"open","sticky":false,"template":"","format":"standard","meta":{"footnotes":""},"categories":[218,219,228],"tags":[],"class_list":["post-9497","post","type-post","status-publish","format-standard","has-post-thumbnail","hentry","category-a-laune","category-actualites","category-politique"],"_links":{"self":[{"href":"https:\/\/saintlouisnews.sn\/index.php?rest_route=\/wp\/v2\/posts\/9497","targetHints":{"allow":["GET"]}}],"collection":[{"href":"https:\/\/saintlouisnews.sn\/index.php?rest_route=\/wp\/v2\/posts"}],"about":[{"href":"https:\/\/saintlouisnews.sn\/index.php?rest_route=\/wp\/v2\/types\/post"}],"author":[{"embeddable":true,"href":"https:\/\/saintlouisnews.sn\/index.php?rest_route=\/wp\/v2\/users\/1"}],"replies":[{"embeddable":true,"href":"https:\/\/saintlouisnews.sn\/index.php?rest_route=%2Fwp%2Fv2%2Fcomments&post=9497"}],"version-history":[{"count":2,"href":"https:\/\/saintlouisnews.sn\/index.php?rest_route=\/wp\/v2\/posts\/9497\/revisions"}],"predecessor-version":[{"id":9500,"href":"https:\/\/saintlouisnews.sn\/index.php?rest_route=\/wp\/v2\/posts\/9497\/revisions\/9500"}],"wp:featuredmedia":[{"embeddable":true,"href":"https:\/\/saintlouisnews.sn\/index.php?rest_route=\/wp\/v2\/media\/9498"}],"wp:attachment":[{"href":"https:\/\/saintlouisnews.sn\/index.php?rest_route=%2Fwp%2Fv2%2Fmedia&parent=9497"}],"wp:term":[{"taxonomy":"category","embeddable":true,"href":"https:\/\/saintlouisnews.sn\/index.php?rest_route=%2Fwp%2Fv2%2Fcategories&post=9497"},{"taxonomy":"post_tag","embeddable":true,"href":"https:\/\/saintlouisnews.sn\/index.php?rest_route=%2Fwp%2Fv2%2Ftags&post=9497"}],"curies":[{"name":"wp","href":"https:\/\/api.w.org\/{rel}","templated":true}]}}