{"id":9523,"date":"2025-12-01T22:49:42","date_gmt":"2025-12-01T22:49:42","guid":{"rendered":"https:\/\/saintlouisnews.sn\/?p=9523"},"modified":"2025-12-01T23:14:13","modified_gmt":"2025-12-01T23:14:13","slug":"celebration-81eme-anniversaire-du-massacre-de-thiaroye-des-lecons-sur-les-tirailleurs","status":"publish","type":"post","link":"https:\/\/saintlouisnews.sn\/?p=9523","title":{"rendered":"C\u00e9l\u00e9bration 81\u00e8me anniversaire du massacre de Thiaroye\u00a0: Des le\u00e7ons sur les Tirailleurs"},"content":{"rendered":"\n<p>L&rsquo;Inspecteur de l\u2019\u00c9ducation et de la Formation (IEF) de Saint-Louis Commune a assist\u00e9 \u00e0 la le\u00e7on d\u00e9roul\u00e9e \u00e0 l&rsquo;\u00e9cole \u00e9l\u00e9mentaire El Hadji Moctar Justin Ndiaye sise dans le faubourg de Sor. L&rsquo;ensemble des \u00e9l\u00e8ves des classes de CM1 et de CM2 ont assist\u00e9 \u00e0 cette le\u00e7on faite par Mme Diaw Penda Diop de la classe de CM2, dans la cour de l&rsquo;\u00e9cole, en pr\u00e9sence du Directeur M. Bakhao Dieng, de l&rsquo;\u00e9quipe p\u00e9dagogique et de parents d\u2019\u00e9l\u00e8ves.&nbsp; L\u2019\u00e9motion \u00e9tait grande durant cette journ\u00e9e historique qui a permis de conna\u00eetre un pan important de nos a\u00efeuls. Les \u00e9l\u00e8ves des autres classes ont \u00e9galement suivi la le\u00e7on et particip\u00e9 \u00e0 diffusion de films sur cette page de l&rsquo;histoire des tirailleurs qui ont dignement repr\u00e9sent\u00e9 le S\u00e9n\u00e9gal et l\u2019Afrique et d\u00e9fendu les occidentaux notamment les fran\u00e7ais.<\/p>\n\n\n\n<figure class=\"wp-block-image size-large\"><img loading=\"lazy\" decoding=\"async\" width=\"1024\" height=\"768\" src=\"https:\/\/saintlouisnews.sn\/wp-content\/uploads\/2025\/12\/592890371_1284045883756217_8533056818028038309_n-1024x768.jpg\" alt=\"\" class=\"wp-image-9525\" srcset=\"https:\/\/saintlouisnews.sn\/wp-content\/uploads\/2025\/12\/592890371_1284045883756217_8533056818028038309_n-1024x768.jpg 1024w, https:\/\/saintlouisnews.sn\/wp-content\/uploads\/2025\/12\/592890371_1284045883756217_8533056818028038309_n-300x225.jpg 300w, https:\/\/saintlouisnews.sn\/wp-content\/uploads\/2025\/12\/592890371_1284045883756217_8533056818028038309_n-768x576.jpg 768w, https:\/\/saintlouisnews.sn\/wp-content\/uploads\/2025\/12\/592890371_1284045883756217_8533056818028038309_n-1536x1152.jpg 1536w, https:\/\/saintlouisnews.sn\/wp-content\/uploads\/2025\/12\/592890371_1284045883756217_8533056818028038309_n.jpg 2048w\" sizes=\"auto, (max-width: 1024px) 100vw, 1024px\" \/><\/figure>\n\n\n\n<p>Pour mieux marquer l&rsquo;\u00e9v\u00e9nement, l&rsquo;\u00e9cole a aussi organis\u00e9 une exposition photos. Beaucoup de potaches ont pleur\u00e9 de chaudes larmes car ils ne pouvaient pas se tenir. La modalit\u00e9 \u00e9tait pour les enseignants d&rsquo;orienter les apprenants vers une approche de d\u00e9couverte du massacre des tirailleurs s\u00e9n\u00e9galais \u00e0 Thiaroye le 1er d\u00e9cembre 1944, d&rsquo;analyser la question du don de soi, de courage, de dignit\u00e9 et de solidarit\u00e9 en Afrique, \u00e0 la lumi\u00e8re de cet \u00e9v\u00e9nement douloureux. Leur expliquer que c&rsquo;est une histoire partag\u00e9e par tout un continent : des S\u00e9n\u00e9galais, des Ivoiriens, des B\u00e9ninois, des Maliens, des Nig\u00e9riens, des Gambiens, etc., qui avaient \u00e9t\u00e9 fusill\u00e9s pour avoir r\u00e9clam\u00e9 leur d\u00fb. Cette le\u00e7on devait aussi fournir \u00e0 l\u2019apprenant une capacit\u00e9 d\u2019analyse pour pouvoir se forger une opinion \u00e9clair\u00e9e sur la question du massacre de Thiaroye comme un legs pour galvaniser les jeunes africains, que leurs anc\u00eatres ont bel et bien jou\u00e9 leur partition pour la paix et la libert\u00e9 lors de la deuxi\u00e8me guerre mondiale. Ils furent, malgr\u00e9 tout, r\u00e9compens\u00e9s ingratement.<\/p>\n\n\n\n<figure class=\"wp-block-image size-large\"><img loading=\"lazy\" decoding=\"async\" width=\"1024\" height=\"768\" src=\"https:\/\/saintlouisnews.sn\/wp-content\/uploads\/2025\/12\/593265771_1284053263755479_5479914616235193019_n-1024x768.jpg\" alt=\"\" class=\"wp-image-9526\" srcset=\"https:\/\/saintlouisnews.sn\/wp-content\/uploads\/2025\/12\/593265771_1284053263755479_5479914616235193019_n-1024x768.jpg 1024w, https:\/\/saintlouisnews.sn\/wp-content\/uploads\/2025\/12\/593265771_1284053263755479_5479914616235193019_n-300x225.jpg 300w, https:\/\/saintlouisnews.sn\/wp-content\/uploads\/2025\/12\/593265771_1284053263755479_5479914616235193019_n-768x576.jpg 768w, https:\/\/saintlouisnews.sn\/wp-content\/uploads\/2025\/12\/593265771_1284053263755479_5479914616235193019_n-1536x1152.jpg 1536w, https:\/\/saintlouisnews.sn\/wp-content\/uploads\/2025\/12\/593265771_1284053263755479_5479914616235193019_n.jpg 2048w\" sizes=\"auto, (max-width: 1024px) 100vw, 1024px\" \/><\/figure>\n\n\n\n<p>A la fin de la le\u00e7on le directeur a remerci\u00e9 l&rsquo;IEF pour le choix port\u00e9 sur son \u00e9cole avant de f\u00e9liciter la pr\u00e9sentatrice de la le\u00e7on ainsi que tous ses collaborateurs.&nbsp;<\/p>\n\n\n\n<p>Dans la m\u00eame lanc\u00e9e, l&rsquo;IEF s&rsquo;est r\u00e9joui de la qualit\u00e9 de la le\u00e7on. Il a f\u00e9licit\u00e9 Mme Diaw et ses \u00e9l\u00e8ves mais aussi le directeur et l&rsquo;ensemble des enseignants avant de rappeler le sens qu&rsquo;il faut donner \u00e0 cette le\u00e7on sur les tirailleurs.<\/p>\n","protected":false},"excerpt":{"rendered":"<p>L&rsquo;Inspecteur de l\u2019\u00c9ducation et de la Formation (IEF) de Saint-Louis Commune a assist\u00e9 \u00e0 la le\u00e7on d\u00e9roul\u00e9e \u00e0 l&rsquo;\u00e9cole \u00e9l\u00e9mentaire El Hadji Moctar Justin Ndiaye sise dans le faubourg de Sor. L&rsquo;ensemble des \u00e9l\u00e8ves des classes de CM1 et de CM2 ont assist\u00e9 \u00e0 cette le\u00e7on faite par Mme Diaw Penda Diop de la classe &hellip;<\/p>\n","protected":false},"author":1,"featured_media":9524,"comment_status":"open","ping_status":"open","sticky":false,"template":"","format":"standard","meta":{"footnotes":""},"categories":[218,219,231],"tags":[],"class_list":["post-9523","post","type-post","status-publish","format-standard","has-post-thumbnail","hentry","category-a-laune","category-actualites","category-societe"],"_links":{"self":[{"href":"https:\/\/saintlouisnews.sn\/index.php?rest_route=\/wp\/v2\/posts\/9523","targetHints":{"allow":["GET"]}}],"collection":[{"href":"https:\/\/saintlouisnews.sn\/index.php?rest_route=\/wp\/v2\/posts"}],"about":[{"href":"https:\/\/saintlouisnews.sn\/index.php?rest_route=\/wp\/v2\/types\/post"}],"author":[{"embeddable":true,"href":"https:\/\/saintlouisnews.sn\/index.php?rest_route=\/wp\/v2\/users\/1"}],"replies":[{"embeddable":true,"href":"https:\/\/saintlouisnews.sn\/index.php?rest_route=%2Fwp%2Fv2%2Fcomments&post=9523"}],"version-history":[{"count":1,"href":"https:\/\/saintlouisnews.sn\/index.php?rest_route=\/wp\/v2\/posts\/9523\/revisions"}],"predecessor-version":[{"id":9527,"href":"https:\/\/saintlouisnews.sn\/index.php?rest_route=\/wp\/v2\/posts\/9523\/revisions\/9527"}],"wp:featuredmedia":[{"embeddable":true,"href":"https:\/\/saintlouisnews.sn\/index.php?rest_route=\/wp\/v2\/media\/9524"}],"wp:attachment":[{"href":"https:\/\/saintlouisnews.sn\/index.php?rest_route=%2Fwp%2Fv2%2Fmedia&parent=9523"}],"wp:term":[{"taxonomy":"category","embeddable":true,"href":"https:\/\/saintlouisnews.sn\/index.php?rest_route=%2Fwp%2Fv2%2Fcategories&post=9523"},{"taxonomy":"post_tag","embeddable":true,"href":"https:\/\/saintlouisnews.sn\/index.php?rest_route=%2Fwp%2Fv2%2Ftags&post=9523"}],"curies":[{"name":"wp","href":"https:\/\/api.w.org\/{rel}","templated":true}]}}