{"id":9540,"date":"2025-12-03T20:55:45","date_gmt":"2025-12-03T20:55:45","guid":{"rendered":"https:\/\/saintlouisnews.sn\/?p=9540"},"modified":"2025-12-03T20:57:10","modified_gmt":"2025-12-03T20:57:10","slug":"inclusion-economique-la-der-fj-alloue-806-millions-fcfa-aux-entrepreneurs-handicapes","status":"publish","type":"post","link":"https:\/\/saintlouisnews.sn\/?p=9540","title":{"rendered":"Inclusion \u00e9conomique : La DER\/FJ alloue 806,8 millions FCFA aux entrepreneurs handicap\u00e9s"},"content":{"rendered":"\n<p>\u00c0 l\u2019occasion de la Journ\u00e9e internationale des Personnes handicap\u00e9es, la DER\/FJ a organis\u00e9 une Journ\u00e9e Portes Ouvertes au D-hub de Dakar pour valoriser les initiatives des Handipreneurs et r\u00e9affirmer son engagement en faveur d\u2019un financement \u00e9quitable et inclusif. La D\u00e9l\u00e9gation a rappel\u00e9 deux mesures majeures facilitant l\u2019acc\u00e8s au cr\u00e9dit. Le taux d\u2019int\u00e9r\u00eat est \u00e0 0 % et il n&rsquo;y a aussi aucune limite d\u2019\u00e2ge pour le financement. A cela s&rsquo;ajoute la signature d&rsquo;une convention avec la Direction g\u00e9n\u00e9rale de l&rsquo;Action sociale (DGAS).<\/p>\n\n\n\n<p>\u00c0 ce jour, 1 014 b\u00e9n\u00e9ficiaires ont \u00e9t\u00e9 accompagn\u00e9s \u00e0 travers le pays, pour un montant global de 806,8 millions FCFA, dont 70 % de femmes, via un dispositif digitalis\u00e9 permettant plus de rapidit\u00e9 et d\u2019\u00e9quit\u00e9. Les 46 d\u00e9partements sont concern\u00e9s, avec une forte dynamique dans les r\u00e9gions de Thi\u00e8s, Dakar, S\u00e9dhiou et Ziguinchor. Les financements couvrent divers secteurs tels que l\u2019agriculture, l\u2019\u00e9levage, la p\u00eache, l\u2019artisanat et les industries culturelles. <\/p>\n\n\n\n<p>Dans le cadre de la Vision S\u00e9n\u00e9gal 2050 et de la strat\u00e9gie nationale 2025-2029, le Chef de l&rsquo;\u00c9tat place l&rsquo;autonomisation des personnes handicap\u00e9es au c\u0153ur de ses priorit\u00e9s. C&rsquo;est dans cette dynamique que la DER\/FJ a pr\u00e9sent\u00e9 le Projet d&rsquo;appui et de valorisation des initiatives entrepreneuriales des personnes handicap\u00e9es (PAPI2), un dispositif structurant bas\u00e9 sur le taux z\u00e9ro, la suppression de la limite d&rsquo;\u00e2ge et la digitalisation de l&rsquo;acc\u00e8s au financement.<\/p>\n\n\n\n<figure class=\"wp-block-image size-large\"><img loading=\"lazy\" decoding=\"async\" width=\"768\" height=\"1024\" src=\"https:\/\/saintlouisnews.sn\/wp-content\/uploads\/2025\/12\/590075979_1364411435696152_2933548752061267592_n-768x1024.jpeg\" alt=\"\" class=\"wp-image-9542\" srcset=\"https:\/\/saintlouisnews.sn\/wp-content\/uploads\/2025\/12\/590075979_1364411435696152_2933548752061267592_n-768x1024.jpeg 768w, https:\/\/saintlouisnews.sn\/wp-content\/uploads\/2025\/12\/590075979_1364411435696152_2933548752061267592_n-225x300.jpeg 225w, https:\/\/saintlouisnews.sn\/wp-content\/uploads\/2025\/12\/590075979_1364411435696152_2933548752061267592_n.jpeg 960w\" sizes=\"auto, (max-width: 768px) 100vw, 768px\" \/><\/figure>\n\n\n\n<p>Le Conseiller \u00e0 la Pr\u00e9sidence, charg\u00e9 des questions des personnes handicap\u00e9es, Cheick Saad-Bouh Diouf a rappel\u00e9 avec force que \u00ab le handicap n&rsquo;est pas une limite ; la seule limite, c&rsquo;est l&rsquo;inaccessibilit\u00e9 des opportunit\u00e9s \u00bb, soulignant la n\u00e9cessit\u00e9 de mettre fin aux obstacles qui, trop longtemps, ont frein\u00e9 l&rsquo;autonomisation de milliers de citoyens. Il a insist\u00e9 : \u00ab Il est temps d&rsquo;ouvrir les portes, de transformer la solidarit\u00e9 en opportunit\u00e9s concr\u00e8tes \u00bb.<\/p>\n\n\n\n<p>La DER\/FJ a financ\u00e9 des personnes handicap\u00e9es \u00e0 hauteur de 806,8 millions FCFA gr\u00e2ce \u00e0 un dispositif num\u00e9rique, dans le cadre de son programme d&rsquo;inclusion socio-\u00e9conomique. Ce financement, dont 70 % a \u00e9t\u00e9 allou\u00e9 aux femmes, concerne les 46 d\u00e9partements du pays et vise \u00e0 renforcer l&rsquo;inclusion des personnes en situation de handicap dans les secteurs comme l&rsquo;agriculture.\u00a0<\/p>\n\n\n\n<p>Selon la D\u00e9l\u00e9gu\u00e9e g\u00e9n\u00e9rale de la DER\/FJ, Dr A\u00efssatou Mbodj, \u00ab lever les barri\u00e8res qui emp\u00eachent l&rsquo;acc\u00e8s au financement n&rsquo;est pas un choix, c&rsquo;est un devoir \u00bb. Elle a rappel\u00e9 que \u00ab chaque citoyen doit pouvoir entreprendre, sans distinction \u00bb, avant de pr\u00e9ciser que 92\\% des financements sont d\u00e9sormais distribu\u00e9s via des outils num\u00e9riques pour acc\u00e9l\u00e9rer l&rsquo;inclusion. \u00c0 ce jour, 1 014 b\u00e9n\u00e9ficiaires ont \u00e9t\u00e9 financ\u00e9s pour un montant total de 806,8 millions F CFA, dont 70% de femmes, dans l&rsquo;ensemble des 46 d\u00e9partements du pays.<\/p>\n\n\n\n<figure class=\"wp-block-image size-large\"><img loading=\"lazy\" decoding=\"async\" width=\"768\" height=\"1024\" src=\"https:\/\/saintlouisnews.sn\/wp-content\/uploads\/2025\/12\/593243262_1364411909029438_2211331066989985233_n-768x1024.jpeg\" alt=\"\" class=\"wp-image-9543\" srcset=\"https:\/\/saintlouisnews.sn\/wp-content\/uploads\/2025\/12\/593243262_1364411909029438_2211331066989985233_n-768x1024.jpeg 768w, https:\/\/saintlouisnews.sn\/wp-content\/uploads\/2025\/12\/593243262_1364411909029438_2211331066989985233_n-225x300.jpeg 225w, https:\/\/saintlouisnews.sn\/wp-content\/uploads\/2025\/12\/593243262_1364411909029438_2211331066989985233_n-1152x1536.jpeg 1152w, https:\/\/saintlouisnews.sn\/wp-content\/uploads\/2025\/12\/593243262_1364411909029438_2211331066989985233_n.jpeg 1536w\" sizes=\"auto, (max-width: 768px) 100vw, 768px\" \/><\/figure>\n\n\n\n<p>Des parcours inspirants, tel celui de Ta\u00ef Bouba, entrepreneur agricole financ\u00e9 \u00e0 hauteur de 40 millions F CFA apr\u00e8s un premier remboursement int\u00e9gral, illustrent l&rsquo;impact concret du dispositif.<\/p>\n\n\n\n<p>Et des t\u00e9moignages forts, des prestations de Slam ont \u00e9gay\u00e9 la rencontre dans une atmosph\u00e8re de r\u00e9jouissance et de reconnaissance \u00e0 l\u2019endroit de toutes ces personnes en situation de handicap venues nombreuses.<\/p>\n\n\n\n<p>Les autorit\u00e9s ont rappel\u00e9 trois engagements forts : \u00e9quit\u00e9, dignit\u00e9 et transformation, affirmant que les personnes handicap\u00e9es sont \u00ab des acteurs \u00e9conomiques \u00e0 part enti\u00e8re, et non des b\u00e9n\u00e9ficiaires passifs \u00bb.<\/p>\n\n\n\n<p>La DER\/FJ r\u00e9affirme ainsi sa volont\u00e9 de construire un S\u00e9n\u00e9gal plus inclusif, o\u00f9 les personnes en situation de handicap disposent des moyens n\u00e9cessaires pour entreprendre, cr\u00e9er et r\u00e9ussir.<\/p>\n\n\n\n<p><\/p>\n","protected":false},"excerpt":{"rendered":"<p>\u00c0 l\u2019occasion de la Journ\u00e9e internationale des Personnes handicap\u00e9es, la DER\/FJ a organis\u00e9 une Journ\u00e9e Portes Ouvertes au D-hub de Dakar pour valoriser les initiatives des Handipreneurs et r\u00e9affirmer son engagement en faveur d\u2019un financement \u00e9quitable et inclusif. La D\u00e9l\u00e9gation a rappel\u00e9 deux mesures majeures facilitant l\u2019acc\u00e8s au cr\u00e9dit. Le taux d\u2019int\u00e9r\u00eat est \u00e0 0 &hellip;<\/p>\n","protected":false},"author":1,"featured_media":9541,"comment_status":"open","ping_status":"open","sticky":false,"template":"","format":"standard","meta":{"footnotes":""},"categories":[218,219,244],"tags":[],"class_list":["post-9540","post","type-post","status-publish","format-standard","has-post-thumbnail","hentry","category-a-laune","category-actualites","category-economie"],"_links":{"self":[{"href":"https:\/\/saintlouisnews.sn\/index.php?rest_route=\/wp\/v2\/posts\/9540","targetHints":{"allow":["GET"]}}],"collection":[{"href":"https:\/\/saintlouisnews.sn\/index.php?rest_route=\/wp\/v2\/posts"}],"about":[{"href":"https:\/\/saintlouisnews.sn\/index.php?rest_route=\/wp\/v2\/types\/post"}],"author":[{"embeddable":true,"href":"https:\/\/saintlouisnews.sn\/index.php?rest_route=\/wp\/v2\/users\/1"}],"replies":[{"embeddable":true,"href":"https:\/\/saintlouisnews.sn\/index.php?rest_route=%2Fwp%2Fv2%2Fcomments&post=9540"}],"version-history":[{"count":2,"href":"https:\/\/saintlouisnews.sn\/index.php?rest_route=\/wp\/v2\/posts\/9540\/revisions"}],"predecessor-version":[{"id":9545,"href":"https:\/\/saintlouisnews.sn\/index.php?rest_route=\/wp\/v2\/posts\/9540\/revisions\/9545"}],"wp:featuredmedia":[{"embeddable":true,"href":"https:\/\/saintlouisnews.sn\/index.php?rest_route=\/wp\/v2\/media\/9541"}],"wp:attachment":[{"href":"https:\/\/saintlouisnews.sn\/index.php?rest_route=%2Fwp%2Fv2%2Fmedia&parent=9540"}],"wp:term":[{"taxonomy":"category","embeddable":true,"href":"https:\/\/saintlouisnews.sn\/index.php?rest_route=%2Fwp%2Fv2%2Fcategories&post=9540"},{"taxonomy":"post_tag","embeddable":true,"href":"https:\/\/saintlouisnews.sn\/index.php?rest_route=%2Fwp%2Fv2%2Ftags&post=9540"}],"curies":[{"name":"wp","href":"https:\/\/api.w.org\/{rel}","templated":true}]}}