{"id":9546,"date":"2025-12-03T21:04:41","date_gmt":"2025-12-03T21:04:41","guid":{"rendered":"https:\/\/saintlouisnews.sn\/?p=9546"},"modified":"2025-12-03T21:04:42","modified_gmt":"2025-12-03T21:04:42","slug":"journee-internationale-des-personnes-handicapees-jiph-pape-amar-seck-handicape-informaticien-et-developpeur-web","status":"publish","type":"post","link":"https:\/\/saintlouisnews.sn\/?p=9546","title":{"rendered":"Journ\u00e9e internationale des Personnes handicap\u00e9es (JIPH): Pape Amar Seck handicap\u00e9, informaticien et d\u00e9veloppeur web"},"content":{"rendered":"\n<p><strong><em>La Journ\u00e9e internationale des Personnes handicap\u00e9es sera c\u00e9l\u00e9br\u00e9e ce mercredi 3 d\u00e9cembre \u00e0 Saint-Louis \u00e0 l\u2019instar des autres localit\u00e9s du monde. Dans la vieille ville, Papa Amar S\u00e9ck&nbsp;jeune handicap\u00e9 depuis son enfance, attire l\u2019attention de tous. En effet, il est entrepreneur et emploie des jeunes qui l\u2019accompagnent dans ses activit\u00e9s.<\/em><\/strong><\/p>\n\n\n\n<p>Papa Amar Seck est un jeune&nbsp;handicap\u00e9 natif du quartier de Diamagu\u00e9ne dans le faubourg de Sor \u00e0 Saint Louis.&nbsp;<\/p>\n\n\n\n<p><strong><em>\u00ab&nbsp;Je traine mon handicap depuis mon enfance, il ne me g\u00eane pas&nbsp;\u00bb<\/em><\/strong><\/p>\n\n\n\n<p>Le jeune est tr\u00e8s fort. Il vit son handicap sans-g\u00eane. Il ne l\u2019a pas emp\u00each\u00e9 de mener des \u00e9tudes et subir des formations. Il est technicien en informatique d\u00e9veloppeur Web. Ce jeune entrepreneur&nbsp; tra\u00eene un handicap depuis sa tendre enfance. Aujourd\u2019hui il g\u00e8re une&nbsp; entreprise qui \u00e9volue dans le domaine de r\u00e9paration et de vente de mat\u00e9riels \u00e9lectroniques. Il a sous&nbsp; son autorit\u00e9 deux employ\u00e9s permanents et a form\u00e9 plus de 10 personnes dans l\u2019informatique.<\/p>\n\n\n\n<p>Raison pour laquelle,\u00a0 Papa Amar Seck a un regard particulier du handicap. \u00ab\u00a0Ce qui est ahurissant et d\u00e9plorable, c\u2019est que de nombreux handicaps ne sont pas visibles de l&rsquo;ext\u00e9rieur. Il peut s&rsquo;agir de troubles cognitifs, de maladies chroniques ou de probl\u00e8mes de sant\u00e9 mentale qui limitent l&rsquo;autonomie et l&rsquo;acc\u00e8s \u00e0 l&#8217;emploi \u00bb, soutient-il. Selon lui, le handicap ne doit pas \u00eatre consid\u00e9r\u00e9 comme un fl\u00e9au comme c\u2019est le cas au S\u00e9n\u00e9gal. \u00ab Malheureusement pour certains\u00a0 au S\u00e9n\u00e9gal ou en Afrique de mani\u00e8re g\u00e9n\u00e9rale \u00e7a peut \u00eatre le cas vu que la soci\u00e9t\u00e9 n&rsquo;est pas\u00a0 pr\u00e9par\u00e9e sur la probl\u00e9matique. Pour moi le handicap est une mentalit\u00e9 donc je ne consid\u00e8re pas comme un fl\u00e9au \u00bb explique\u00a0 M Seck qui n\u2019a pas manquer de fustiger la d\u00e9marche de certains qui veulent arrimer handicap \u00e0 la mendicit\u00e9. \u00ab En tant que jeune\u00a0 entrepreneur,\u00a0 il m&rsquo;arrive d&rsquo;\u00e9changer avec mes camarades handicap\u00e9s sur les raisons qui les poussent \u00e0 mendier. Mais la r\u00e9ponse est toujours la m\u00eame parce qu&rsquo;ils n&rsquo;ont pas de moyens et n\u2019ont pas une bonne formation pour mener une activit\u00e9. Ainsi pour ne tomber dans cette situation de pr\u00e9carit\u00e9, je pense qu\u2019il faut une formation \u00e0\u00a0bas \u00e2ge et une bonne politique de r\u00e9insertion et d&rsquo;accompagnement \u00bb ajoute notre interlocuteur trouv\u00e9 dans son magasin bien achaland\u00e9 et entour\u00e9 de clients. Il n\u2019est pas seulement dans l\u2019informatique. \u00ab\u00a0Je fais du transfert d\u2019argent aussi\u00a0\u00bb, informe-t-il.<\/p>\n\n\n\n<p>Interpel\u00e9 sur le th\u00e8me de cette ann\u00e9e \u00ab\u00a0Favoriser des soci\u00e9t\u00e9s inclusives pour les personnes handicap\u00e9es afin de faire progresser le social\u00a0\u00bb, il se r\u00e9jouit et invite ses camarades \u00e0 un changement pour un arrimage r\u00e9el. \u00ab\u00a0Le th\u00e8me est venu \u00e0 son heure parce que l&rsquo;id\u00e9e est toujours de sensibiliser la soci\u00e9t\u00e9 ainsi que les acteurs de d\u00e9veloppement envers\u00a0les personnes handicap\u00e9es. La c\u00e9l\u00e9bration de la journ\u00e9e vise \u00e0 promouvoir la compr\u00e9hension des questions li\u00e9es au handicap et \u00e0 assurer la dignit\u00e9, les droits et le bien-\u00eatre des personnes handicap\u00e9es dans tous les aspects de la soci\u00e9t\u00e9 \u00bb, rappelle Papa Amar S\u00e9ck\u00a0pour qui l\u2019application de la Loi d\u2019Orientation est indispensable pour permettre aux personnes de b\u00e9n\u00e9ficier davantage de leurs droits \u00e1 travers la Carte d\u2019\u00c9galit\u00e9 des Chances (CEC). Toutefois le jeune entrepreneur d\u00e9nonce avec la derni\u00e8re \u00e9nergie le d\u00e9ficit criard\u00a0 d&rsquo;infrastructures adapt\u00e9es aux personnes handicap\u00e9es \u00e0 Saint Louis.\u00a0\u00ab\u00a0Les rares qui existent ne r\u00e9pondent pas aux normes faute de rampes\u00a0\u00bb, conclut-il.<\/p>\n","protected":false},"excerpt":{"rendered":"<p>La Journ\u00e9e internationale des Personnes handicap\u00e9es sera c\u00e9l\u00e9br\u00e9e ce mercredi 3 d\u00e9cembre \u00e0 Saint-Louis \u00e0 l\u2019instar des autres localit\u00e9s du monde. Dans la vieille ville, Papa Amar S\u00e9ck&nbsp;jeune handicap\u00e9 depuis son enfance, attire l\u2019attention de tous. En effet, il est entrepreneur et emploie des jeunes qui l\u2019accompagnent dans ses activit\u00e9s. Papa Amar Seck est un &hellip;<\/p>\n","protected":false},"author":1,"featured_media":9547,"comment_status":"open","ping_status":"open","sticky":false,"template":"","format":"standard","meta":{"footnotes":""},"categories":[218,219,231],"tags":[],"class_list":["post-9546","post","type-post","status-publish","format-standard","has-post-thumbnail","hentry","category-a-laune","category-actualites","category-societe"],"_links":{"self":[{"href":"https:\/\/saintlouisnews.sn\/index.php?rest_route=\/wp\/v2\/posts\/9546","targetHints":{"allow":["GET"]}}],"collection":[{"href":"https:\/\/saintlouisnews.sn\/index.php?rest_route=\/wp\/v2\/posts"}],"about":[{"href":"https:\/\/saintlouisnews.sn\/index.php?rest_route=\/wp\/v2\/types\/post"}],"author":[{"embeddable":true,"href":"https:\/\/saintlouisnews.sn\/index.php?rest_route=\/wp\/v2\/users\/1"}],"replies":[{"embeddable":true,"href":"https:\/\/saintlouisnews.sn\/index.php?rest_route=%2Fwp%2Fv2%2Fcomments&post=9546"}],"version-history":[{"count":1,"href":"https:\/\/saintlouisnews.sn\/index.php?rest_route=\/wp\/v2\/posts\/9546\/revisions"}],"predecessor-version":[{"id":9548,"href":"https:\/\/saintlouisnews.sn\/index.php?rest_route=\/wp\/v2\/posts\/9546\/revisions\/9548"}],"wp:featuredmedia":[{"embeddable":true,"href":"https:\/\/saintlouisnews.sn\/index.php?rest_route=\/wp\/v2\/media\/9547"}],"wp:attachment":[{"href":"https:\/\/saintlouisnews.sn\/index.php?rest_route=%2Fwp%2Fv2%2Fmedia&parent=9546"}],"wp:term":[{"taxonomy":"category","embeddable":true,"href":"https:\/\/saintlouisnews.sn\/index.php?rest_route=%2Fwp%2Fv2%2Fcategories&post=9546"},{"taxonomy":"post_tag","embeddable":true,"href":"https:\/\/saintlouisnews.sn\/index.php?rest_route=%2Fwp%2Fv2%2Ftags&post=9546"}],"curies":[{"name":"wp","href":"https:\/\/api.w.org\/{rel}","templated":true}]}}