{"id":9554,"date":"2025-12-03T21:35:11","date_gmt":"2025-12-03T21:35:11","guid":{"rendered":"https:\/\/saintlouisnews.sn\/?p=9554"},"modified":"2025-12-03T21:35:12","modified_gmt":"2025-12-03T21:35:12","slug":"conseil-des-ministres-voici-le-communique-de-ce-mercredi-3-decembre-2025","status":"publish","type":"post","link":"https:\/\/saintlouisnews.sn\/?p=9554","title":{"rendered":"Conseil des ministres : Voici le communiqu\u00e9 de ce mercredi 3 d\u00e9cembre 2025"},"content":{"rendered":"\n<p>Le Conseil des Ministres s\u2019est tenu le mercredi 03 d\u00e9cembre 2025, sous la pr\u00e9sidence de Son Excellence Monsieur Bassirou Diomaye Diakhar FAYE, Pr\u00e9sident de la R\u00e9publique.<\/p>\n\n\n\n<p>AU TITRE DE LA COMMUNICATION DU PRESIDENT DE LA R\u00c9PUBLIQUE<\/p>\n\n\n\n<p>Au d\u00e9but de sa communication, Monsieur le Pr\u00e9sident de la R\u00e9publique informe le Conseil avoir pr\u00e9sid\u00e9, le lundi 1er d\u00e9cembre 2025, en pr\u00e9sence de son homologue de la R\u00e9publique de Gambie, du Vice-Pr\u00e9sident de la R\u00e9publique de C\u00f4te d\u2019Ivoire, du Pr\u00e9sident de l\u2019Assembl\u00e9e nationale de la R\u00e9publique du Togo et de plusieurs d\u00e9l\u00e9gations \u00e9trang\u00e8res, les c\u00e9r\u00e9monies de c\u00e9r\u00e9monies de comm\u00e9moration du 81\u00e8me anniversaire du Massacre de Thiaroye et de c\u00e9l\u00e9bration de la 1\u00e8re \u00e9dition de la Journ\u00e9e des Tirailleurs s\u00e9n\u00e9galais. Il f\u00e9licite le Gouvernement, notamment le Premier Ministre et le Ministre des Forces Arm\u00e9es, ainsi que le Comit\u00e9 de comm\u00e9moration, pour la bonne organisation et la r\u00e9daction du Livre blanc sur le Massacre de Thiaroye. Le Chef de l\u2019Etat souligne que le devoir de m\u00e9moire et l\u2019exigence de justice sur ce Massacre, demeurent des priorit\u00e9s de notre politique m\u00e9morielle.<\/p>\n\n\n\n<p>Apr\u00e8s avoir r\u00e9affirm\u00e9 l\u2019engagement du S\u00e9n\u00e9gal en faveur de la recherche et du r\u00e9tablissement de la v\u00e9rit\u00e9 des faits sur cet \u00e9v\u00e8nement historique, qui doit \u00eatre vulgaris\u00e9 et enseign\u00e9, le Pr\u00e9sident de la R\u00e9publique d\u00e9cide, pour marquer la symbolique de cette comm\u00e9moration, de la r\u00e9alisation, sous la supervision du Premier Ministre, d\u2019un M\u00e9morial entre le Cimeti\u00e8re national et le Camp militaire de Thiaroye.<\/p>\n\n\n\n<p>Protection de la famille, des femmes et de la jeunesse<\/p>\n\n\n\n<p>Socle de la stabilit\u00e9 sociale, la protection de la famille constitue, pour le Pr\u00e9sident de la R\u00e9publique, une des missions fondamentales de l\u2019Etat. A cet \u00e9gard, il souligne que la jeunesse doit \u00eatre prot\u00e9g\u00e9e par l\u2019Etat et les collectivit\u00e9s publiques contre l\u2019exploitation, la drogue, les stup\u00e9fiants, l\u2019abandon moral et la d\u00e9linquance. Il demande de veiller \u00e0 la sant\u00e9 physique et morale de la famille, en particulier des personnes en situation de handicap, des personnes \u00e2g\u00e9es et des jeunes. Il insiste sur le droit \u00e0 l\u2019all\u00e8gement des conditions de vie des femmes, notamment en milieu rural, l\u2019am\u00e9lioration de l\u2019acc\u00e8s des filles \u00e0 l\u2019\u00e9cole et la protection des femmes et des jeunes filles contre les violences de toute nature. Dans cette optique, le Pr\u00e9sident de la R\u00e9publique demande au Ministre de la Famille, de l\u2019Action sociale et des Solidarit\u00e9s d\u2019actualiser la Strat\u00e9gie nationale pour l\u2019Equit\u00e9 et l\u2019Egalit\u00e9 de Genre et d\u2019entreprendre la r\u00e9vision consensuelle du cadre relatif aux missions, \u00e0 l\u2019organisation et au fonctionnement de l\u2019Observatoire national de la Parit\u00e9 (ONP).<\/p>\n\n\n\n<p>Face \u00e0 l\u2019urgence d\u2019un renforcement des dispositifs l\u00e9gislatifs et r\u00e9glementaires d\u2019encadrement et de protection des droits des enfants, il instruit la mise en place d\u2019un Observatoire national de Protection des Enfants, l\u2019installation du Conseil consultatif des Jeunes du S\u00e9n\u00e9gal et la fonctionnalit\u00e9 des projets de Maisons de la Jeunesse et de la Citoyennet\u00e9.<\/p>\n\n\n\n<p>Action sociale et soutien de l\u2019Etat aux personnes vivant avec un handicap<\/p>\n\n\n\n<p>Rappelant que la communaut\u00e9 internationale c\u00e9l\u00e8bre la Journ\u00e9e internationale des personnes handicap\u00e9es ce 03 d\u00e9cembre 2025, le Chef de l\u2019Etat indique la n\u00e9cessit\u00e9 d\u2019\u00e9valuer l\u2019application int\u00e9grale de la loi d\u2019orientation sociale et le dispositif de la Carte d\u2019\u00e9galit\u00e9 des chances.<\/p>\n\n\n\n<p>Consid\u00e9rant qu\u2019il est essentiel de d\u00e9finir une nouvelle perspective de soutien renforc\u00e9 aux personnes vivant avec un handicap, le Pr\u00e9sident de la R\u00e9publique engage le Gouvernement \u00e0 mettre en \u0153uvre, \u00e0 partir de l\u2019ann\u00e9e 2026, un Programme national int\u00e9gr\u00e9 de soutien aux personnes vivant avec un handicap et \u00e0 asseoir l\u2019inclusion sociale et la solidarit\u00e9 nationale dans la mise en \u0153uvre des politiques publiques. Il instruit d\u2019accentuer le d\u00e9ploiement de l\u2019ensemble des programmes et projets \u00e0 incidence sociale directe sur l\u2019am\u00e9lioration des conditions de vie des populations, notamment les groupes les plus vuln\u00e9rables, en particulier les personnes vivant avec un handicap.<\/p>\n\n\n\n<p>Strat\u00e9gie nationale de Bonne Gouvernance et renforcement de la transparence dans la gestion publique<\/p>\n\n\n\n<p>Le Pr\u00e9sident de la R\u00e9publique annonce l\u2019ouverture d\u2019une nouvelle \u00e8re de renforcement de la transparence dans la gestion publique, avec l\u2019adoption de la loi portant cr\u00e9ation de l\u2019Office national de Lutte contre la Corruption (OFNAC). Apr\u00e8s avoir f\u00e9licit\u00e9 ses nouveaux membres r\u00e9cemment nomm\u00e9s, \u00e0 la suite d\u2019un processus d\u2019appel \u00e0 candidatures s\u00e9lectif, il r\u00e9affirme son engagement \u00e0 soutenir cette nouvelle instance, dans l\u2019exercice de ses missions et \u00e0 accro\u00eetre ses moyens d\u2019intervention, afin d\u2019en faire une structure nationale de r\u00e9f\u00e9rence en mati\u00e8re de transparence et de bonne gouvernance. En outre, il demande au Ministre de la Justice, Garde des Sceaux, de finaliser le document portant Strat\u00e9gie nationale de Bonne Gouvernance.<\/p>\n\n\n\n<p>Agenda du Pr\u00e9sident de la R\u00e9publique<\/p>\n\n\n\n<p>Le Chef de l\u2019Etat a inform\u00e9 le Conseil qu\u2019il prendra part, le lundi 08 d\u00e9cembre 2025 \u00e0 Abidjan, \u00e0 la c\u00e9r\u00e9monie d\u2019investiture du Pr\u00e9sident de la R\u00e9publique de C\u00f4te d\u2019Ivoire, Son Excellence Monsieur Alassane OUATTARA.<\/p>\n\n\n\n<p>AU TITRE DE LA COMMUNICATION DU PREMIER MINISTRE<\/p>\n\n\n\n<p>Apr\u00e8s avoir f\u00e9licit\u00e9 le Pr\u00e9sident de la R\u00e9publique pour son engagement en faveur de la r\u00e9habilitation de nos h\u00e9ros nationaux, Monsieur le Premier Ministre a ax\u00e9 sa communication sur les deux points suivants :<\/p>\n\n\n\n<p>Orientations pour une r\u00e9organisation des d\u00e9partements minist\u00e9riels<\/p>\n\n\n\n<p>Consid\u00e9rant l\u2019Administration publique comme un pilier de la conduite du changement, le Premier Ministre a rappel\u00e9 son engagement, \u00e0 l\u2019occasion de sa d\u00e9claration de politique g\u00e9n\u00e9rale, en faveur du passage d\u2019une Administration bureaucratique \u00e0 une Administration moderne et performante. Il a fait le point des constatations dans l\u2019organisation et le fonctionnement de l\u2019administration, qui rendent compte de ses limites et insuffisances \u00e0 porter efficacement l\u2019ambition d\u00e9clin\u00e9e dans l\u2019Agenda national de Transformation, S\u00e9n\u00e9gal 2050. Il a notamment \u00e9voqu\u00e9 l\u2019instabilit\u00e9 institutionnelle, la redondance et l\u2019inflation des structures, le chevauchement de missions, les conflits de comp\u00e9tences, la multiplication des centres de d\u00e9cisions, les difficult\u00e9s dans la coordination de l\u2019activit\u00e9 minist\u00e9rielle, le manque de consistance de certaines fonctions essentielles, les diff\u00e9rences notoires dans l\u2019architecture organisationnelle et les conflits de comp\u00e9tences.<\/p>\n\n\n\n<p>Ce faisant, il instruit le Ministre, Secr\u00e9taire g\u00e9n\u00e9ral du Gouvernement, en rapport avec le Ministre, Secr\u00e9taire g\u00e9n\u00e9ral de la Pr\u00e9sidence de la R\u00e9publique, les d\u00e9partements minist\u00e9riels, le Bureau Organisation et M\u00e9thodes et le Contr\u00f4le financier, de prendre en compte les orientations qu\u2019il a d\u00e9gag\u00e9es, dans l\u2019\u00e9laboration des nouveaux d\u00e9crets portant organisation des minist\u00e8res. Le Premier Ministre a demand\u00e9, \u00e9galement, au Ministre, Secr\u00e9taire g\u00e9n\u00e9ral du Gouvernement, en rapport avec le Ministre de l\u2019Int\u00e9rieur et de la S\u00e9curit\u00e9 publique et le Ministre charg\u00e9 des Collectivit\u00e9s territoriales, de lui proposer, d\u2019ici la fin du mois de f\u00e9vrier 2026, un sch\u00e9ma d\u2019organisation de l\u2019administration territoriale, align\u00e9 \u00e0 la Charte de la d\u00e9concentration.<\/p>\n\n\n\n<p>R\u00e9forme du syst\u00e8me national de retraite<\/p>\n\n\n\n<p>Abordant l\u2019\u00e9tat d\u2019avancement de la r\u00e9flexion strat\u00e9gique engag\u00e9e autour de la r\u00e9forme du syst\u00e8me national de retraite, le Premier Ministre, apr\u00e8s une analyse crois\u00e9e des donn\u00e9es, a soulign\u00e9 la n\u00e9cessit\u00e9 de mettre en place un syst\u00e8me plus inclusif, mieux administr\u00e9, financi\u00e8rement solide et adapt\u00e9 au vieillissement de la population.<\/p>\n\n\n\n<p>Par ailleurs, il a estim\u00e9 que les actifs de long terme et r\u00e9serves techniques importantes de l\u2019Institution de Pr\u00e9voyance Retraite du S\u00e9n\u00e9gal (IPRES) peuvent constituer un levier majeur de financement endog\u00e8ne du Plan de Redressement \u00e9conomique et social (PRES). Dans cette perspective, il a demand\u00e9 au Ministre de la Fonction publique, du Travail et de la R\u00e9forme du Service public et au Ministre des Finances et du Budget, en coordination avec l\u2019ensemble des parties prenantes, de produire dans un d\u00e9lai de trois (03) mois une feuille de route 2025-2028, articul\u00e9e autour de trois (03) axes structurants : assainissement et s\u00e9curisation du syst\u00e8me, \u00e9largissement de l\u2019assiette contributive et orientation graduelle des investissements de l\u2019IPRES.<\/p>\n\n\n\n<p>AU TITRE DES COMMUNICATIONS DES MINISTRES<\/p>\n\n\n\n<p>Le Ministre d\u2019Etat aupr\u00e8s du Pr\u00e9sident de la R\u00e9publique, charg\u00e9 du Suivi du Pilotage et de l\u2019Evaluation de l\u2019Agenda national de Transformation, S\u00e9n\u00e9gal 2050, a fait une communication sur le pilotage des ressources.<\/p>\n\n\n\n<p>Le Ministre de l\u2019Enseignement sup\u00e9rieur, de la Recherche et de l\u2019Innovation a fait une communication sur l\u2019am\u00e9lioration du syst\u00e8me de paiement des allocations d\u2019\u00e9tudes.<\/p>\n\n\n\n<p>Le Ministre de l\u2019Industrie et du Commerce a pr\u00e9sent\u00e9 une communication sur la situation du march\u00e9 et la commercialisation des denr\u00e9es agricoles et alimentaires.<\/p>\n\n\n\n<p>Le Ministre de la Jeunesse et des Sports a pr\u00e9sent\u00e9 une communication portant sur le Plan de Mobilisation et d\u2019Engagement des Jeunes, en vue de l\u2019organisation des Jeux Olympiques de la Jeunesse (JOJ), Dakar 2026.<\/p>\n\n\n\n<p>AU TITRE DES TEXTES LEGISLATIFS ET REGLEMENTAIRES<\/p>\n\n\n\n<p>Le Conseil a examin\u00e9 et adopt\u00e9 :<\/p>\n\n\n\n<p>\u2013 le projet de d\u00e9cret fixant les modalit\u00e9s de d\u00e9signation des Commissaires de la Commission nationale des Droits de l\u2019Homme (CNDH) ;<\/p>\n\n\n\n<p>\u2013 le projet de d\u00e9cret portant cr\u00e9ation et fixant les r\u00e8gles d\u2019organisation et de fonctionnement du Conseil national de Lutte contre le SIDA (CNLS).<\/p>\n\n\n\n<p>Marie Rose Khady Fatou FAYE,<\/p>\n\n\n\n<p>Secr\u00e9taire d\u2019Etat aupr\u00e8s du Premier Ministre, Charg\u00e9e des Relations avec les Institutions, Porte-parole du Gouvernement<\/p>\n","protected":false},"excerpt":{"rendered":"<p>Le Conseil des Ministres s\u2019est tenu le mercredi 03 d\u00e9cembre 2025, sous la pr\u00e9sidence de Son Excellence Monsieur Bassirou Diomaye Diakhar FAYE, Pr\u00e9sident de la R\u00e9publique. AU TITRE DE LA COMMUNICATION DU PRESIDENT DE LA R\u00c9PUBLIQUE Au d\u00e9but de sa communication, Monsieur le Pr\u00e9sident de la R\u00e9publique informe le Conseil avoir pr\u00e9sid\u00e9, le lundi 1er &hellip;<\/p>\n","protected":false},"author":1,"featured_media":9454,"comment_status":"open","ping_status":"open","sticky":false,"template":"","format":"standard","meta":{"footnotes":""},"categories":[218,219,228],"tags":[],"class_list":["post-9554","post","type-post","status-publish","format-standard","has-post-thumbnail","hentry","category-a-laune","category-actualites","category-politique"],"_links":{"self":[{"href":"https:\/\/saintlouisnews.sn\/index.php?rest_route=\/wp\/v2\/posts\/9554","targetHints":{"allow":["GET"]}}],"collection":[{"href":"https:\/\/saintlouisnews.sn\/index.php?rest_route=\/wp\/v2\/posts"}],"about":[{"href":"https:\/\/saintlouisnews.sn\/index.php?rest_route=\/wp\/v2\/types\/post"}],"author":[{"embeddable":true,"href":"https:\/\/saintlouisnews.sn\/index.php?rest_route=\/wp\/v2\/users\/1"}],"replies":[{"embeddable":true,"href":"https:\/\/saintlouisnews.sn\/index.php?rest_route=%2Fwp%2Fv2%2Fcomments&post=9554"}],"version-history":[{"count":1,"href":"https:\/\/saintlouisnews.sn\/index.php?rest_route=\/wp\/v2\/posts\/9554\/revisions"}],"predecessor-version":[{"id":9555,"href":"https:\/\/saintlouisnews.sn\/index.php?rest_route=\/wp\/v2\/posts\/9554\/revisions\/9555"}],"wp:featuredmedia":[{"embeddable":true,"href":"https:\/\/saintlouisnews.sn\/index.php?rest_route=\/wp\/v2\/media\/9454"}],"wp:attachment":[{"href":"https:\/\/saintlouisnews.sn\/index.php?rest_route=%2Fwp%2Fv2%2Fmedia&parent=9554"}],"wp:term":[{"taxonomy":"category","embeddable":true,"href":"https:\/\/saintlouisnews.sn\/index.php?rest_route=%2Fwp%2Fv2%2Fcategories&post=9554"},{"taxonomy":"post_tag","embeddable":true,"href":"https:\/\/saintlouisnews.sn\/index.php?rest_route=%2Fwp%2Fv2%2Ftags&post=9554"}],"curies":[{"name":"wp","href":"https:\/\/api.w.org\/{rel}","templated":true}]}}