{"id":9563,"date":"2025-12-04T22:41:02","date_gmt":"2025-12-04T22:41:02","guid":{"rendered":"https:\/\/saintlouisnews.sn\/?p=9563"},"modified":"2025-12-04T22:41:03","modified_gmt":"2025-12-04T22:41:03","slug":"situation-ugb-amath-diallo-sg-stesu-fait-feu-de-tout-bois","status":"publish","type":"post","link":"https:\/\/saintlouisnews.sn\/?p=9563","title":{"rendered":"Situation Ugb\u00a0: Amath Diallo SG STESU fait feu de tout bois"},"content":{"rendered":"\n<p><strong><em>De vifs affrontements ont \u00e9t\u00e9 encore not\u00e9s \u00e0 l\u2019Universit\u00e9 Gaston Berger de Saint-Louis entre \u00e9tudiants et Forces de D\u00e9fense et de S\u00e9curit\u00e9 (FDS). Les pensionnaires de la deuxi\u00e8me institution universitaire continuent de r\u00e9clamer leurs bourses. Les cons\u00e9quences des \u00e9chauffour\u00e9es se r\u00e9percutent sur le travail. Ce qui irrite le Syndicat <strong><em>des Travailleurs des \u00c9tablissements scolaires et universitaires (STESU)<\/em><\/strong>. Son Secr\u00e9taire g\u00e9n\u00e9ral, Amath Diallo n&rsquo;a pas fait dans la dentelle. Le syndicaliste a fait feu de tout bois. <\/em><\/strong><\/p>\n\n\n\n<p>\u00ab\u00a0Nous d\u00e9non\u00e7ons une situation explosive entre \u00e9tudiants et forces de l\u2019ordre. Les cons\u00e9quences sont catastrophiques au sein de l&rsquo;universit\u00e9. Nous invitons l\u2019\u00c9tat \u00e0 ouvrir de v\u00e9ritables discussions pour \u00e9viter une escalade. Nous sommes en guerre et en front contre les hommes de tenue \u00bb, a d\u00e9clar\u00e9 de prime abord Amath Diallo. Le syndicaliste signale \u00ab\u00a0le climat actuel menace l\u2019outil de travail que constitue l\u2019universit\u00e9\u00a0\u00bb.<\/p>\n\n\n\n<p>Selon lui, la n\u00e9cessit\u00e9 d\u2019un dialogue permanent avec les \u00e9tudiants pour pr\u00e9venir le pire et \u00e9viter de revivre les \u00e9pisodes violents d\u00e9j\u00e0 enregistr\u00e9s, est primordiale. \u00ab\u00a0Malgr\u00e9 la position r\u00e9glementaire de l\u2019\u00c9tat, dans la pratique, les \u00e9tudiants ont raison. Nous assistons \u00e0 des ann\u00e9es acad\u00e9miques perturb\u00e9es et une d\u00e9t\u00e9rioration progressive des conditions d\u2019\u00e9tude. Nous invitons l\u2019ensemble des acteurs de l\u2019enseignement sup\u00e9rieur \u00e0 d\u00e9passer les discussions en salons et \u00e0 travailler, au niveau des universit\u00e9s, \u00e0 des d\u00e9cisions idoines pour ramener la paix et r\u00e9tablir le fonctionnement normal des ann\u00e9es \u00bb, a souhait\u00e9 M. Diallo.<\/p>\n\n\n\n<p>Tr\u00e8s virulent, Amath Diallo a \u00e9tal\u00e9 les difficult\u00e9s rencontr\u00e9es par les nouveaux bacheliers orient\u00e9s \u00e0 l\u2019Universit\u00e9 Gaston Berger. \u00ab\u00a0Nous d\u00e9plorons le manque d\u2019h\u00e9bergement et l\u2019insuffisance des capacit\u00e9s d\u2019accueil dans les restaurants. Nous appelons l\u2019\u00c9tat \u00e0 revoir la question des bourses, jug\u00e9es cruciales pour les \u00e9tudiants qui, d\u00e9passent largement les dur\u00e9es th\u00e9oriques des cycles de licence et de Master sans \u00eatre responsables de ces retards \u00bb, a rappel\u00e9 \u00a0M. Diallo. Pour lui, l\u2019ensemble de la cha\u00eene universitaire \u00ab\u00a0\u00e9tudiants, enseignants, personnel administratif et technique\u00a0\u00bb, est fragilis\u00e9. \u00ab\u00a0Il constitue un blocage g\u00e9n\u00e9ral du syst\u00e8me et a\u00a0 des perturbations sur les populations, notamment les usagers de la route vers le Fouta et le Maroc. Pis, le comportement des d\u00e9put\u00e9s sur les bourses est indigne de parlementaires surtout ceux du pouvoir\u00a0\u00bb, a soutenu le patron du STESU.<\/p>\n\n\n\n<p>R\u00e9agissant aux propos du ministre Cheikh Diba \u00e0 l\u2019Assembl\u00e9e nationale, M. Diallo a d\u00e9nonc\u00e9 des \u00ab attaques \u00bb contre certaines corporations invitant les d\u00e9put\u00e9s \u00e0 respecter les S\u00e9n\u00e9galais et \u00e0 ne pas s\u2019en prendre aux salaires des travailleurs. \u00ab Nous sommes face \u00e0 lui, \u00e0 un pied de guerre. Notre syndicat prendra toutes les mesures n\u00e9cessaires face aux d\u00e9cisions d\u00e9favorables aux travailleurs du secteur\u00a0\u00bb, a-t-il conclu.<\/p>\n","protected":false},"excerpt":{"rendered":"<p>De vifs affrontements ont \u00e9t\u00e9 encore not\u00e9s \u00e0 l\u2019Universit\u00e9 Gaston Berger de Saint-Louis entre \u00e9tudiants et Forces de D\u00e9fense et de S\u00e9curit\u00e9 (FDS). Les pensionnaires de la deuxi\u00e8me institution universitaire continuent de r\u00e9clamer leurs bourses. Les cons\u00e9quences des \u00e9chauffour\u00e9es se r\u00e9percutent sur le travail. Ce qui irrite le Syndicat des Travailleurs des \u00c9tablissements scolaires et &hellip;<\/p>\n","protected":false},"author":1,"featured_media":9564,"comment_status":"open","ping_status":"open","sticky":false,"template":"","format":"standard","meta":{"footnotes":""},"categories":[218,219,228],"tags":[],"class_list":["post-9563","post","type-post","status-publish","format-standard","has-post-thumbnail","hentry","category-a-laune","category-actualites","category-politique"],"_links":{"self":[{"href":"https:\/\/saintlouisnews.sn\/index.php?rest_route=\/wp\/v2\/posts\/9563","targetHints":{"allow":["GET"]}}],"collection":[{"href":"https:\/\/saintlouisnews.sn\/index.php?rest_route=\/wp\/v2\/posts"}],"about":[{"href":"https:\/\/saintlouisnews.sn\/index.php?rest_route=\/wp\/v2\/types\/post"}],"author":[{"embeddable":true,"href":"https:\/\/saintlouisnews.sn\/index.php?rest_route=\/wp\/v2\/users\/1"}],"replies":[{"embeddable":true,"href":"https:\/\/saintlouisnews.sn\/index.php?rest_route=%2Fwp%2Fv2%2Fcomments&post=9563"}],"version-history":[{"count":1,"href":"https:\/\/saintlouisnews.sn\/index.php?rest_route=\/wp\/v2\/posts\/9563\/revisions"}],"predecessor-version":[{"id":9565,"href":"https:\/\/saintlouisnews.sn\/index.php?rest_route=\/wp\/v2\/posts\/9563\/revisions\/9565"}],"wp:featuredmedia":[{"embeddable":true,"href":"https:\/\/saintlouisnews.sn\/index.php?rest_route=\/wp\/v2\/media\/9564"}],"wp:attachment":[{"href":"https:\/\/saintlouisnews.sn\/index.php?rest_route=%2Fwp%2Fv2%2Fmedia&parent=9563"}],"wp:term":[{"taxonomy":"category","embeddable":true,"href":"https:\/\/saintlouisnews.sn\/index.php?rest_route=%2Fwp%2Fv2%2Fcategories&post=9563"},{"taxonomy":"post_tag","embeddable":true,"href":"https:\/\/saintlouisnews.sn\/index.php?rest_route=%2Fwp%2Fv2%2Ftags&post=9563"}],"curies":[{"name":"wp","href":"https:\/\/api.w.org\/{rel}","templated":true}]}}