{"id":9599,"date":"2025-12-07T15:51:15","date_gmt":"2025-12-07T15:51:15","guid":{"rendered":"https:\/\/saintlouisnews.sn\/?p=9599"},"modified":"2025-12-07T15:51:39","modified_gmt":"2025-12-07T15:51:39","slug":"birkilane-mabo-dethie-fall-limoge-le-chef-de-chantier-et-lance-des-sanctions-pour-non-respect-des-delais","status":"publish","type":"post","link":"https:\/\/saintlouisnews.sn\/?p=9599","title":{"rendered":"Birkilane\u2013Mabo : D\u00e8thi\u00e9 Fall limoge le chef de chantier de l&rsquo;AGEROUTE et lance des sanctions pour non respect des d\u00e9lais"},"content":{"rendered":"\n<p><strong>En visite de chantier ce dimanche 7 d\u00e9cembre 2025 sur l\u2019axe Birkilane\u2013Mabo, dont la r\u00e9ception \u00e9tait initialement pr\u00e9vue le m\u00eame jour, le ministre des Infrastructures D\u00e9thi\u00e9 Fall, accompagn\u00e9 du d\u00e9put\u00e9 Samba Dang, a effectu\u00e9 une descente sur site \u00e0 10h30. Constatant un important retard et le non-respect des d\u00e9lais contractuels, le ministre a pris une s\u00e9rie de d\u00e9cisions fermes. Le Chef de Chantier de l\u2019Ageroute supervisant les travaux sur cet axe a \u00e9t\u00e9 relev\u00e9 de ses fonctions avec effet et remplacement imm\u00e9diats. <\/strong><\/p>\n\n\n\n<p>D\u00e8thi\u00e9 Fall qui \u00e9tait ce dimanche dans le Ndoucoumane, a constat\u00e9 le retard des travaux de l&rsquo;axe Birkilane-Mabo. Pourtant, la r\u00e9ception devait avoir lieu le m\u00eame jour. Du fait de cette situation, le Ministre des Infrastructures, D\u00e9thi\u00e9 Fall, a mis en ex\u00e9cution les menaces qu&rsquo;il avait prof\u00e9r\u00e9es dans de pareils constats. Il a d\u2019abord instruit le directeur g\u00e9n\u00e9ral de l\u2019Ageroute d\u2019appliquer imm\u00e9diatement les p\u00e9nalit\u00e9s pr\u00e9vues pour le retard du chantier. Il a \u00e9galement demand\u00e9 que la partie correspondante du contrat soit transmise au minist\u00e8re des Infrastructures et \u00e0 la Primature afin d\u2019assurer un suivi rigoureux de cette application.<\/p>\n\n\n\n<p>Ensuite, sur place, le ministre a relev\u00e9 de ses fonctions le chef de chantier de l\u2019Ageroute charg\u00e9 de la supervision des travaux sur cet axe, exigeant son remplacement sans d\u00e9lai. Il a ensuite annonc\u00e9 l\u2019envoi d\u2019inspecteurs techniques d\u00e8s le mardi pour veiller \u00e0 l\u2019application concr\u00e8te des d\u00e9cisions prises.<\/p>\n\n\n\n<p>D\u00e8thi\u00e9 Fall a profit\u00e9 de cette visite pour rappeler aux entreprises engag\u00e9es avec l\u2019\u00c9tat et aux superviseurs de chantiers que cette fermet\u00e9 deviendra d\u00e9sormais la norme. Il a insist\u00e9 sur l\u2019exigence du chef de l\u2019\u00c9tat et du Premier ministre concernant le triptyque \u00ab\u00a0co\u00fbt, d\u00e9lai et qualit\u00e9\u00a0\u00bb, affirmant que la tol\u00e9rance z\u00e9ro est d\u00e9sormais la r\u00e8gle.<\/p>\n\n\n\n<p>Les superviseurs des chantiers et les entreprises sont avertis. De nouvelles dispositions sont prises par les autorit\u00e9s quand au respect des engagements pris par les diff\u00e9rentes parties prenantes.<\/p>\n","protected":false},"excerpt":{"rendered":"<p>En visite de chantier ce dimanche 7 d\u00e9cembre 2025 sur l\u2019axe Birkilane\u2013Mabo, dont la r\u00e9ception \u00e9tait initialement pr\u00e9vue le m\u00eame jour, le ministre des Infrastructures D\u00e9thi\u00e9 Fall, accompagn\u00e9 du d\u00e9put\u00e9 Samba Dang, a effectu\u00e9 une descente sur site \u00e0 10h30. Constatant un important retard et le non-respect des d\u00e9lais contractuels, le ministre a pris une &hellip;<\/p>\n","protected":false},"author":1,"featured_media":9600,"comment_status":"open","ping_status":"open","sticky":false,"template":"","format":"standard","meta":{"footnotes":""},"categories":[218,219,228],"tags":[],"class_list":["post-9599","post","type-post","status-publish","format-standard","has-post-thumbnail","hentry","category-a-laune","category-actualites","category-politique"],"_links":{"self":[{"href":"https:\/\/saintlouisnews.sn\/index.php?rest_route=\/wp\/v2\/posts\/9599","targetHints":{"allow":["GET"]}}],"collection":[{"href":"https:\/\/saintlouisnews.sn\/index.php?rest_route=\/wp\/v2\/posts"}],"about":[{"href":"https:\/\/saintlouisnews.sn\/index.php?rest_route=\/wp\/v2\/types\/post"}],"author":[{"embeddable":true,"href":"https:\/\/saintlouisnews.sn\/index.php?rest_route=\/wp\/v2\/users\/1"}],"replies":[{"embeddable":true,"href":"https:\/\/saintlouisnews.sn\/index.php?rest_route=%2Fwp%2Fv2%2Fcomments&post=9599"}],"version-history":[{"count":2,"href":"https:\/\/saintlouisnews.sn\/index.php?rest_route=\/wp\/v2\/posts\/9599\/revisions"}],"predecessor-version":[{"id":9602,"href":"https:\/\/saintlouisnews.sn\/index.php?rest_route=\/wp\/v2\/posts\/9599\/revisions\/9602"}],"wp:featuredmedia":[{"embeddable":true,"href":"https:\/\/saintlouisnews.sn\/index.php?rest_route=\/wp\/v2\/media\/9600"}],"wp:attachment":[{"href":"https:\/\/saintlouisnews.sn\/index.php?rest_route=%2Fwp%2Fv2%2Fmedia&parent=9599"}],"wp:term":[{"taxonomy":"category","embeddable":true,"href":"https:\/\/saintlouisnews.sn\/index.php?rest_route=%2Fwp%2Fv2%2Fcategories&post=9599"},{"taxonomy":"post_tag","embeddable":true,"href":"https:\/\/saintlouisnews.sn\/index.php?rest_route=%2Fwp%2Fv2%2Ftags&post=9599"}],"curies":[{"name":"wp","href":"https:\/\/api.w.org\/{rel}","templated":true}]}}