{"id":9651,"date":"2025-12-16T23:54:39","date_gmt":"2025-12-16T23:54:39","guid":{"rendered":"https:\/\/saintlouisnews.sn\/?p=9651"},"modified":"2025-12-16T23:59:13","modified_gmt":"2025-12-16T23:59:13","slug":"senegal-luxembourg-le-pic-iv-livre-un-bilan-marquant-dans-la-sante-et-la-formation","status":"publish","type":"post","link":"https:\/\/saintlouisnews.sn\/?p=9651","title":{"rendered":"S\u00e9n\u00e9gal\u2013Luxembourg : le PIC IV livre un bilan marquant dans la sant\u00e9 et la formation"},"content":{"rendered":"\n<p><a href=\"https:\/\/www.sudquotidien.sn\/category\/actualite\/\">Actualit\u00e9<\/a><a href=\"https:\/\/www.sudquotidien.sn\/category\/social\/\">Social<\/a><\/p>\n\n\n\n<h1 class=\"wp-block-heading\">S\u00e9n\u00e9gal\u2013Luxembourg : le PIC IV livre un bilan marquant dans la sant\u00e9 et la formation<\/h1>\n\n\n\n<p><strong>Le S\u00e9n\u00e9gal et le Luxembourg ont c\u00e9l\u00e9br\u00e9, vendredi 12 d\u00e9cembre, sept ann\u00e9es d\u2019un partenariat strat\u00e9gique et op\u00e9rationnel dont les r\u00e9sultats ont profond\u00e9ment marqu\u00e9 les secteurs de la sant\u00e9 et de la formation professionnelle. Cette rencontre a \u00e9galement consacr\u00e9 la cl\u00f4ture du 4\u1d49 Programme indicatif de coop\u00e9ration bilat\u00e9rale (PIC IV), mis en \u0153uvre entre 2018 et 2025, dot\u00e9 de 54,2 milliards de FCFA.<\/strong><\/p>\n\n\n\n<p>Pour Mme Laure Huberty, ambassadrice du Luxembourg au S\u00e9n\u00e9gal, le PIC IV repr\u00e9sente bien plus qu\u2019un cadre financier : \u00ab Aujourd\u2019hui, ce qu\u2019on fait, c\u2019est le bilan du PIC4\u2026 un programme qui s\u2019est \u00e9tal\u00e9 sur sept ans, 9 millions d\u2019euros, concentr\u00e9 sur la sant\u00e9 et la formation professionnelle, avec des interventions dans neuf, voire dix r\u00e9gions. \u00bb Elle rappelle que le programme a int\u00e9gr\u00e9 deux priorit\u00e9s transversales le genre et l\u2019environnement et symbolise \u00ab 30 ans de coop\u00e9ration marqu\u00e9s par un partenariat bas\u00e9 sur le respect mutuel, l\u2019apprentissage commun et la transparence \u00bb.<\/p>\n\n\n\n<p>L\u2019ambassadrice a \u00e9galement soulign\u00e9 la dynamique humaine et \u00e9conomique g\u00e9n\u00e9r\u00e9e par cette coop\u00e9ration : \u00e9changes universitaires, pr\u00e9sence d\u2019entreprises luxembourgeoises, liaisons a\u00e9riennes r\u00e9guli\u00e8res, et perspectives \u00e9largies dans la finance, la recherche et l\u2019appui au secteur priv\u00e9. \u00ab Nous allons continuer \u00e0 consolider cette base solide \u00bb, a-t-elle assur\u00e9.<\/p>\n\n\n\n<p>Prenant la parole, le ministre de la Sant\u00e9 et de l\u2019Hygi\u00e8ne publique, Dr Ibrahima Sy, a salu\u00e9 \u00ab une coop\u00e9ration d\u2019un impact consid\u00e9rable pour les communaut\u00e9s \u00bb. Il a rappel\u00e9 que le PIC IV a permis de r\u00e9pondre \u00e0 des d\u00e9fis majeurs, notamment la gestion des urgences : \u00ab La coop\u00e9ration a agi l\u00e0 o\u00f9 le secteur avait le plus de difficult\u00e9s\u2026 \u00e0 travers le SAMU, d\u00e9ploy\u00e9 dans plusieurs r\u00e9gions du pays. \u00bb<\/p>\n\n\n\n<p>Le ministre a \u00e9galement \u00e9voqu\u00e9 la r\u00e9novation des maternit\u00e9s, l\u2019op\u00e9rationnalisation de blocs op\u00e9ratoires, la dotation en ambulances m\u00e9dicalis\u00e9es et le renforcement des capacit\u00e9s du personnel de sant\u00e9, autant de r\u00e9alisations qui am\u00e9liorent la qualit\u00e9 des soins.<\/p>\n\n\n\n<p>Dr Sy a salu\u00e9 \u00ab une d\u00e9marche de co-construction \u00bb ayant permis d\u2019obtenir \u00ab des r\u00e9sultats tr\u00e8s tangibles \u00bb et a r\u00e9affirm\u00e9 l\u2019engagement du S\u00e9n\u00e9gal \u00e0 \u00ab p\u00e9renniser et renforcer \u00bb ce partenariat porteur.<\/p>\n\n\n\n<p>\u00c0 travers ces avanc\u00e9es, la cl\u00f4ture du PIC IV marque une \u00e9tape d\u00e9cisive mais non une fin. Les deux gouvernements ont r\u00e9affirm\u00e9 leur volont\u00e9 d\u2019inscrire cette coop\u00e9ration exemplaire dans une nouvelle phase, tourn\u00e9e vers l\u2019innovation, la formation et l\u2019inclusion, au service du d\u00e9veloppement durable et du bien-\u00eatre des populations.<\/p>\n","protected":false},"excerpt":{"rendered":"<p>Actualit\u00e9Social S\u00e9n\u00e9gal\u2013Luxembourg : le PIC IV livre un bilan marquant dans la sant\u00e9 et la formation Le S\u00e9n\u00e9gal et le Luxembourg ont c\u00e9l\u00e9br\u00e9, vendredi 12 d\u00e9cembre, sept ann\u00e9es d\u2019un partenariat strat\u00e9gique et op\u00e9rationnel dont les r\u00e9sultats ont profond\u00e9ment marqu\u00e9 les secteurs de la sant\u00e9 et de la formation professionnelle. Cette rencontre a \u00e9galement consacr\u00e9 la &hellip;<\/p>\n","protected":false},"author":1,"featured_media":9652,"comment_status":"open","ping_status":"open","sticky":false,"template":"","format":"standard","meta":{"footnotes":""},"categories":[218,219,231],"tags":[],"class_list":["post-9651","post","type-post","status-publish","format-standard","has-post-thumbnail","hentry","category-a-laune","category-actualites","category-societe"],"_links":{"self":[{"href":"https:\/\/saintlouisnews.sn\/index.php?rest_route=\/wp\/v2\/posts\/9651","targetHints":{"allow":["GET"]}}],"collection":[{"href":"https:\/\/saintlouisnews.sn\/index.php?rest_route=\/wp\/v2\/posts"}],"about":[{"href":"https:\/\/saintlouisnews.sn\/index.php?rest_route=\/wp\/v2\/types\/post"}],"author":[{"embeddable":true,"href":"https:\/\/saintlouisnews.sn\/index.php?rest_route=\/wp\/v2\/users\/1"}],"replies":[{"embeddable":true,"href":"https:\/\/saintlouisnews.sn\/index.php?rest_route=%2Fwp%2Fv2%2Fcomments&post=9651"}],"version-history":[{"count":2,"href":"https:\/\/saintlouisnews.sn\/index.php?rest_route=\/wp\/v2\/posts\/9651\/revisions"}],"predecessor-version":[{"id":9655,"href":"https:\/\/saintlouisnews.sn\/index.php?rest_route=\/wp\/v2\/posts\/9651\/revisions\/9655"}],"wp:featuredmedia":[{"embeddable":true,"href":"https:\/\/saintlouisnews.sn\/index.php?rest_route=\/wp\/v2\/media\/9652"}],"wp:attachment":[{"href":"https:\/\/saintlouisnews.sn\/index.php?rest_route=%2Fwp%2Fv2%2Fmedia&parent=9651"}],"wp:term":[{"taxonomy":"category","embeddable":true,"href":"https:\/\/saintlouisnews.sn\/index.php?rest_route=%2Fwp%2Fv2%2Fcategories&post=9651"},{"taxonomy":"post_tag","embeddable":true,"href":"https:\/\/saintlouisnews.sn\/index.php?rest_route=%2Fwp%2Fv2%2Ftags&post=9651"}],"curies":[{"name":"wp","href":"https:\/\/api.w.org\/{rel}","templated":true}]}}