{"id":9665,"date":"2025-12-18T00:14:34","date_gmt":"2025-12-18T00:14:34","guid":{"rendered":"https:\/\/saintlouisnews.sn\/?p=9665"},"modified":"2025-12-18T00:14:34","modified_gmt":"2025-12-18T00:14:34","slug":"obtention-du-passeport-et-de-la-carte-nationale-didentite-la-police-deploie-ses-services-a-la-fidak-2025","status":"publish","type":"post","link":"https:\/\/saintlouisnews.sn\/?p=9665","title":{"rendered":"Obtention du passeport et de la carte nationale d\u2019identit\u00e9 : La police d\u00e9ploie ses services \u00e0 la FIDAK 2025"},"content":{"rendered":"\n<p>La police nationale sera pr\u00e9sente \u00e0 la 33e \u00e9dition de la Foire internationale de Dakar (FIDAK), qui se tient du 7 au 31 d\u00e9cembre 2025. \u00c0 travers un communiqu\u00e9 de presse publi\u00e9 ce mercredi, la Direction g\u00e9n\u00e9rale de la police nationale invite la population s\u00e9n\u00e9galaise \u00e0 venir visiter ses stands install\u00e9s au Pavillon brun du CICES.<\/p>\n\n\n\n<p>Selon le document sign\u00e9 par le commissaire de police Mamadou Diouf, chef de la Division communication et des relations publiques, cette pr\u00e9sence polici\u00e8re vise \u00e0 offrir des services de proximit\u00e9 aux citoyens durant cette importante manifestation \u00e9conomique et culturelle.<\/p>\n\n\n\n<p>En marge de cette participation, la police d\u00e9ploiera des services sp\u00e9cialis\u00e9s pour faciliter les d\u00e9marches administratives des visiteurs. Les services de la Direction de l&rsquo;automatisation des fichiers (DAF) et de la Direction de la police des \u00e9trangers et des titres de voyage (DPTEV) seront mobilis\u00e9s sur place pour accompagner les citoyens dans l&rsquo;obtention de la carte nationale d&rsquo;identit\u00e9 et le renouvellement du passeport.<\/p>\n\n\n\n<p>Cette initiative s&rsquo;inscrit dans une d\u00e9marche de modernisation et de rapprochement des services publics avec les populations, permettant aux visiteurs de la FIDAK de profiter de l&rsquo;occasion pour effectuer leurs d\u00e9marches administratives dans un cadre convivial.<\/p>\n\n\n\n<p>Pour plus d&rsquo;informations, la population peut contacter la police nationale aux +221 77 529 01 61, +221 33 889 36 61, +221 78 700 95 94, ou par email \u00e0 policecom@interieur.gouv.sn.<\/p>\n","protected":false},"excerpt":{"rendered":"<p>La police nationale sera pr\u00e9sente \u00e0 la 33e \u00e9dition de la Foire internationale de Dakar (FIDAK), qui se tient du 7 au 31 d\u00e9cembre 2025. \u00c0 travers un communiqu\u00e9 de presse publi\u00e9 ce mercredi, la Direction g\u00e9n\u00e9rale de la police nationale invite la population s\u00e9n\u00e9galaise \u00e0 venir visiter ses stands install\u00e9s au Pavillon brun du &hellip;<\/p>\n","protected":false},"author":1,"featured_media":9666,"comment_status":"open","ping_status":"open","sticky":false,"template":"","format":"standard","meta":{"footnotes":""},"categories":[218,219,231],"tags":[],"class_list":["post-9665","post","type-post","status-publish","format-standard","has-post-thumbnail","hentry","category-a-laune","category-actualites","category-societe"],"_links":{"self":[{"href":"https:\/\/saintlouisnews.sn\/index.php?rest_route=\/wp\/v2\/posts\/9665","targetHints":{"allow":["GET"]}}],"collection":[{"href":"https:\/\/saintlouisnews.sn\/index.php?rest_route=\/wp\/v2\/posts"}],"about":[{"href":"https:\/\/saintlouisnews.sn\/index.php?rest_route=\/wp\/v2\/types\/post"}],"author":[{"embeddable":true,"href":"https:\/\/saintlouisnews.sn\/index.php?rest_route=\/wp\/v2\/users\/1"}],"replies":[{"embeddable":true,"href":"https:\/\/saintlouisnews.sn\/index.php?rest_route=%2Fwp%2Fv2%2Fcomments&post=9665"}],"version-history":[{"count":1,"href":"https:\/\/saintlouisnews.sn\/index.php?rest_route=\/wp\/v2\/posts\/9665\/revisions"}],"predecessor-version":[{"id":9667,"href":"https:\/\/saintlouisnews.sn\/index.php?rest_route=\/wp\/v2\/posts\/9665\/revisions\/9667"}],"wp:featuredmedia":[{"embeddable":true,"href":"https:\/\/saintlouisnews.sn\/index.php?rest_route=\/wp\/v2\/media\/9666"}],"wp:attachment":[{"href":"https:\/\/saintlouisnews.sn\/index.php?rest_route=%2Fwp%2Fv2%2Fmedia&parent=9665"}],"wp:term":[{"taxonomy":"category","embeddable":true,"href":"https:\/\/saintlouisnews.sn\/index.php?rest_route=%2Fwp%2Fv2%2Fcategories&post=9665"},{"taxonomy":"post_tag","embeddable":true,"href":"https:\/\/saintlouisnews.sn\/index.php?rest_route=%2Fwp%2Fv2%2Ftags&post=9665"}],"curies":[{"name":"wp","href":"https:\/\/api.w.org\/{rel}","templated":true}]}}