{"id":9682,"date":"2025-12-19T22:40:33","date_gmt":"2025-12-19T22:40:33","guid":{"rendered":"https:\/\/saintlouisnews.sn\/?p=9682"},"modified":"2025-12-19T22:40:34","modified_gmt":"2025-12-19T22:40:34","slug":"le-president-du-ciriz-encourage-les-exposants-du-riz-de-la-vallee","status":"publish","type":"post","link":"https:\/\/saintlouisnews.sn\/?p=9682","title":{"rendered":"Le Pr\u00e9sident du CIRIZ encourage les exposants du Riz de la Vall\u00e9e"},"content":{"rendered":"\n<p>Ousseynou NDIAYE, Pr\u00e9sident du Comit\u00e9 Interprofessionnel de la Fili\u00e8re Riz (CIRIZ), a visit\u00e9 les stands du village du riz de la vall\u00e9e du fleuve \u00e0 la Foire de Dakar.<\/p>\n\n\n\n<p>Il a \u00e9chang\u00e9 avec les exposants de l&rsquo;Association nationale des riziers et du R\u00e9seau des Femmes agricultrices du Nord (REFAN) sur l&rsquo;organisation du village du riz.<\/p>\n\n\n\n<p>Lors de sa visite, Monsieur NDIAYE a encourag\u00e9 les producteurs \u00e0 ne pas craindre la concurrence, mais \u00e0 la voir comme une opportunit\u00e9 de mettre en valeur la qualit\u00e9 du riz produit dans la vall\u00e9e. \u00ab\u00a0La concurrence est un avantage qui va permettre aux consommateurs d&rsquo;appr\u00e9cier davantage la qualit\u00e9 de notre riz\u00a0\u00bb, a-t-il d\u00e9clar\u00e9.<\/p>\n\n\n\n<p>Il a \u00e9galement invit\u00e9 les exposants \u00e0 travailler ensemble pour augmenter la production et maintenir la bonne qualit\u00e9 du riz. <\/p>\n\n\n\n<p><\/p>\n\n\n\n<p><\/p>\n","protected":false},"excerpt":{"rendered":"<p>Ousseynou NDIAYE, Pr\u00e9sident du Comit\u00e9 Interprofessionnel de la Fili\u00e8re Riz (CIRIZ), a visit\u00e9 les stands du village du riz de la vall\u00e9e du fleuve \u00e0 la Foire de Dakar. Il a \u00e9chang\u00e9 avec les exposants de l&rsquo;Association nationale des riziers et du R\u00e9seau des Femmes agricultrices du Nord (REFAN) sur l&rsquo;organisation du village du riz. &hellip;<\/p>\n","protected":false},"author":1,"featured_media":9683,"comment_status":"open","ping_status":"open","sticky":false,"template":"","format":"standard","meta":{"footnotes":""},"categories":[218,219,244],"tags":[],"class_list":["post-9682","post","type-post","status-publish","format-standard","has-post-thumbnail","hentry","category-a-laune","category-actualites","category-economie"],"_links":{"self":[{"href":"https:\/\/saintlouisnews.sn\/index.php?rest_route=\/wp\/v2\/posts\/9682","targetHints":{"allow":["GET"]}}],"collection":[{"href":"https:\/\/saintlouisnews.sn\/index.php?rest_route=\/wp\/v2\/posts"}],"about":[{"href":"https:\/\/saintlouisnews.sn\/index.php?rest_route=\/wp\/v2\/types\/post"}],"author":[{"embeddable":true,"href":"https:\/\/saintlouisnews.sn\/index.php?rest_route=\/wp\/v2\/users\/1"}],"replies":[{"embeddable":true,"href":"https:\/\/saintlouisnews.sn\/index.php?rest_route=%2Fwp%2Fv2%2Fcomments&post=9682"}],"version-history":[{"count":1,"href":"https:\/\/saintlouisnews.sn\/index.php?rest_route=\/wp\/v2\/posts\/9682\/revisions"}],"predecessor-version":[{"id":9684,"href":"https:\/\/saintlouisnews.sn\/index.php?rest_route=\/wp\/v2\/posts\/9682\/revisions\/9684"}],"wp:featuredmedia":[{"embeddable":true,"href":"https:\/\/saintlouisnews.sn\/index.php?rest_route=\/wp\/v2\/media\/9683"}],"wp:attachment":[{"href":"https:\/\/saintlouisnews.sn\/index.php?rest_route=%2Fwp%2Fv2%2Fmedia&parent=9682"}],"wp:term":[{"taxonomy":"category","embeddable":true,"href":"https:\/\/saintlouisnews.sn\/index.php?rest_route=%2Fwp%2Fv2%2Fcategories&post=9682"},{"taxonomy":"post_tag","embeddable":true,"href":"https:\/\/saintlouisnews.sn\/index.php?rest_route=%2Fwp%2Fv2%2Ftags&post=9682"}],"curies":[{"name":"wp","href":"https:\/\/api.w.org\/{rel}","templated":true}]}}