{"id":9786,"date":"2026-01-02T23:44:42","date_gmt":"2026-01-02T23:44:42","guid":{"rendered":"https:\/\/saintlouisnews.sn\/?p=9786"},"modified":"2026-01-02T23:44:43","modified_gmt":"2026-01-02T23:44:43","slug":"le-parti-awale-de-dr-abdourakhmane-diouf-en-ordre-de-bataille-a-saint-louis","status":"publish","type":"post","link":"https:\/\/saintlouisnews.sn\/?p=9786","title":{"rendered":"Le Parti Awal\u00e9 de Dr Abdourakhmane Diouf en ordre de bataille \u00e0 Saint-Louis"},"content":{"rendered":"\n<p>Le Parti Awal\u00e9, dirig\u00e9 par Dr Abdourakhmane Diouf, est en plein essor \u00e0 Saint-Louis. La formation politique a lanc\u00e9 une vaste campagne de mobilisation baptis\u00e9e \u00ab\u00a0Cap sur 1 000 Jambaar\u00a0\u00bb, visant \u00e0 vendre 1 000 cartes de membre dans chaque commune du d\u00e9partement de Saint-Louis d&rsquo;ici le congr\u00e8s du parti pr\u00e9vu au premier semestre 2026.<\/p>\n\n\n\n<p>Sous la coordination de Mouhamadou Moustapha Gu\u00e9ye, le parti Awal\u00e9 a d\u00e9j\u00e0 install\u00e9 des cellules dans plusieurs quartiers de la ville, notamment \u00e0 Pikine o\u00f9 quatre cellules ont \u00e9t\u00e9 mises en place. \u00ab\u00a0L&rsquo;objectif est de renforcer l&rsquo;implantation territoriale du parti et de consolider sa capacit\u00e9 d&rsquo;action politique sur le terrain\u00a0\u00bb, a d\u00e9clar\u00e9 M. Gu\u00e9ye.<\/p>\n\n\n\n<p>Selon notre interlocuteur, la vente massive de cartes de membre \u00ab\u00a0constitue le socle de la structuration d&rsquo;Awal\u00e9\u00a0\u00bb. \u00c0 l&rsquo;en cette vente permet de \u00ab\u00a0f\u00e9d\u00e9rer les militants, d&rsquo;\u00e9largir la base militante et de mieux r\u00e9pondre aux attentes des populations\u00a0\u00bb \u00e0 l&rsquo;\u00e9chelle locale comme nationale. <\/p>\n\n\n\n<p>D&rsquo;apr\u00e8s Mouhamadou Moustapha Gu\u00e9ye, des m\u00e9canismes sont mis en place pour assurer le suivi. \u00ab\u00a0Des quotas de cartes ont \u00e9t\u00e9 d\u00e9finis sur la base du poids \u00e9lectoral de chaque d\u00e9partement. Un comit\u00e9 mixte de suivi a \u00e9t\u00e9 mis en place pour assurer la coordination et \u00e9valuer r\u00e9guli\u00e8rement l&rsquo;\u00e9tat d&rsquo;avancement des objectifs fix\u00e9s\u00a0\u00bb, a-t-il r\u00e9v\u00e9l\u00e9.<\/p>\n\n\n\n<p>S&rsquo;agissant des prochaines \u00e9lections, le parti Awal\u00e9 entend jouer un r\u00f4le pr\u00e9pond\u00e9rant \u00e0 Saint-Louis et dans le d\u00e9partement. \u00ab\u00a0Nous pr\u00e9parons pour les \u00e9lections \u00e0 venir dans la commune et le d\u00e9partement de Saint-Louis autour de la coalition Diomaye Pr\u00e9sident\u00a0\u00bb, a annonc\u00e9 M. Gu\u00e9ye. <\/p>\n\n\n\n<p>Il a \u00e9galement r\u00e9fut\u00e9 les rumeurs de l\u00e9thargie du parti, soulignant que des activit\u00e9s ont \u00e9t\u00e9 men\u00e9es dans le cadre de la Couverture Sant\u00e9 universelle et de la formation des femmes. \u00ab\u00a0Notre parti Awal\u00e9 est d\u00e9termin\u00e9 \u00e0 contribuer \u00e0 la massification de la coalition et \u00e0 vulgariser les actions du gouvernement et \u00e0 renforcer notre capacit\u00e9 d&rsquo;action politique.Chaque Jambaar compte, chaque carte renforce Awal\u00e9 et Awal\u00e9 renforce la coalition Diomaye Pr\u00e9sident\u00a0\u00bb, a-t-il conclu.<\/p>\n\n\n\n<p><\/p>\n","protected":false},"excerpt":{"rendered":"<p>Le Parti Awal\u00e9, dirig\u00e9 par Dr Abdourakhmane Diouf, est en plein essor \u00e0 Saint-Louis. La formation politique a lanc\u00e9 une vaste campagne de mobilisation baptis\u00e9e \u00ab\u00a0Cap sur 1 000 Jambaar\u00a0\u00bb, visant \u00e0 vendre 1 000 cartes de membre dans chaque commune du d\u00e9partement de Saint-Louis d&rsquo;ici le congr\u00e8s du parti pr\u00e9vu au premier semestre 2026. &hellip;<\/p>\n","protected":false},"author":1,"featured_media":9787,"comment_status":"open","ping_status":"open","sticky":false,"template":"","format":"standard","meta":{"footnotes":""},"categories":[218,219,228],"tags":[],"class_list":["post-9786","post","type-post","status-publish","format-standard","has-post-thumbnail","hentry","category-a-laune","category-actualites","category-politique"],"_links":{"self":[{"href":"https:\/\/saintlouisnews.sn\/index.php?rest_route=\/wp\/v2\/posts\/9786","targetHints":{"allow":["GET"]}}],"collection":[{"href":"https:\/\/saintlouisnews.sn\/index.php?rest_route=\/wp\/v2\/posts"}],"about":[{"href":"https:\/\/saintlouisnews.sn\/index.php?rest_route=\/wp\/v2\/types\/post"}],"author":[{"embeddable":true,"href":"https:\/\/saintlouisnews.sn\/index.php?rest_route=\/wp\/v2\/users\/1"}],"replies":[{"embeddable":true,"href":"https:\/\/saintlouisnews.sn\/index.php?rest_route=%2Fwp%2Fv2%2Fcomments&post=9786"}],"version-history":[{"count":1,"href":"https:\/\/saintlouisnews.sn\/index.php?rest_route=\/wp\/v2\/posts\/9786\/revisions"}],"predecessor-version":[{"id":9788,"href":"https:\/\/saintlouisnews.sn\/index.php?rest_route=\/wp\/v2\/posts\/9786\/revisions\/9788"}],"wp:featuredmedia":[{"embeddable":true,"href":"https:\/\/saintlouisnews.sn\/index.php?rest_route=\/wp\/v2\/media\/9787"}],"wp:attachment":[{"href":"https:\/\/saintlouisnews.sn\/index.php?rest_route=%2Fwp%2Fv2%2Fmedia&parent=9786"}],"wp:term":[{"taxonomy":"category","embeddable":true,"href":"https:\/\/saintlouisnews.sn\/index.php?rest_route=%2Fwp%2Fv2%2Fcategories&post=9786"},{"taxonomy":"post_tag","embeddable":true,"href":"https:\/\/saintlouisnews.sn\/index.php?rest_route=%2Fwp%2Fv2%2Ftags&post=9786"}],"curies":[{"name":"wp","href":"https:\/\/api.w.org\/{rel}","templated":true}]}}