{"id":9793,"date":"2026-01-05T23:44:04","date_gmt":"2026-01-05T23:44:04","guid":{"rendered":"https:\/\/saintlouisnews.sn\/?p=9793"},"modified":"2026-01-06T00:05:52","modified_gmt":"2026-01-06T00:05:52","slug":"ousmane-sonko-rassure-les-populations","status":"publish","type":"post","link":"https:\/\/saintlouisnews.sn\/?p=9793","title":{"rendered":"Ousmane Sonko donne des instructions"},"content":{"rendered":"\n<p>Le Premier ministre Ousmane SONKO s&rsquo;est rendu \u00e0 Kaolack aujourd\u2019hui, pour une visite de suivi de la campagne de commercialisation de l&rsquo;arachide, suite aux dysfonctionnements et difficult\u00e9s li\u00e9s \u00e0 la commercialisation de la production arachidi\u00e8re de cette ann\u00e9e.<\/p>\n\n\n\n<p>Le chef de gouvernement responsable a \u00e9t\u00e9 \u00e0 l\u2019\u00e9coute de ses concitoyens, mais aussi en solidarit\u00e9 avec ses ministres. Il s\u2019est rendu sur le terrain pour proposer des solutions concr\u00e8tes et conjoncturelles pour prot\u00e9ger les producteurs agricoles qui rencontrent d&rsquo;innombrables difficult\u00e9s. Mieux encore , il a annonc\u00e9 plusieurs projets de restructuration industrielle de la fili\u00e8re pour une relance d\u00e9finitive et durable du secteur. Pour y parvenir, l&rsquo;\u00c9tat mobilisera les moyens n\u00e9cessaires.<\/p>\n\n\n\n<p> Ce qu\u2019il faut retenir durant cette tourn\u00e9e : 1- Instruction a \u00e9t\u00e9 donn\u00e9e \u00e0 la SONACOS d&rsquo;acheter 450 000 tonnes d&rsquo;arachide pour cette campagne, un volume ambitieux destin\u00e9 \u00e0 soutenir l&rsquo;industrie locale.<\/p>\n\n\n\n<p>2-Engagement pris par l\u2019Etat \u00e0 ce que l&rsquo;int\u00e9gralit\u00e9 de la production d&rsquo;arachide soit rachet\u00e9e, \u00e9vitant ainsi les bradages aux interm\u00e9diaires.<\/p>\n\n\n\n<p>3-Orientations sur la n\u00e9cessit\u00e9 de transformer localement la production pour cr\u00e9er de la valeur ajout\u00e9e au S\u00e9n\u00e9gal et assurer ainsi la souverainet\u00e9 industrielle dans le domaine agricole.<\/p>\n\n\n\n<p>Il y a quelques jours \u00e0 Passy, il avait aussi d\u00e9nonc\u00e9 les syst\u00e8mes qui minent la commercialisation et a promis une politique agricole \u00ab\u00a0new look\u00a0\u00bb pour redresser durablement la production. Mobiliser 130 milliards FCFA pour la campagne 2025-2026 n\u2019a pas suffit au gouvernement du S\u00e9n\u00e9gal pour soutenir les agriculteurs et le monde rural , mieux encore , sur d\u00e9cision du premier ministre , l\u2019\u00c9tat a maintenu le prix plancher \u00e0 305 FCFA le kilogramme et a suspendu les exportations de graines pour privil\u00e9gier l&rsquo;approvisionnement des huileries nationales.<\/p>\n\n\n\n<p><\/p>\n","protected":false},"excerpt":{"rendered":"<p>Le Premier ministre Ousmane SONKO s&rsquo;est rendu \u00e0 Kaolack aujourd\u2019hui, pour une visite de suivi de la campagne de commercialisation de l&rsquo;arachide, suite aux dysfonctionnements et difficult\u00e9s li\u00e9s \u00e0 la commercialisation de la production arachidi\u00e8re de cette ann\u00e9e. Le chef de gouvernement responsable a \u00e9t\u00e9 \u00e0 l\u2019\u00e9coute de ses concitoyens, mais aussi en solidarit\u00e9 avec &hellip;<\/p>\n","protected":false},"author":1,"featured_media":9794,"comment_status":"open","ping_status":"open","sticky":false,"template":"","format":"standard","meta":{"footnotes":""},"categories":[218,219,244],"tags":[],"class_list":["post-9793","post","type-post","status-publish","format-standard","has-post-thumbnail","hentry","category-a-laune","category-actualites","category-economie"],"_links":{"self":[{"href":"https:\/\/saintlouisnews.sn\/index.php?rest_route=\/wp\/v2\/posts\/9793","targetHints":{"allow":["GET"]}}],"collection":[{"href":"https:\/\/saintlouisnews.sn\/index.php?rest_route=\/wp\/v2\/posts"}],"about":[{"href":"https:\/\/saintlouisnews.sn\/index.php?rest_route=\/wp\/v2\/types\/post"}],"author":[{"embeddable":true,"href":"https:\/\/saintlouisnews.sn\/index.php?rest_route=\/wp\/v2\/users\/1"}],"replies":[{"embeddable":true,"href":"https:\/\/saintlouisnews.sn\/index.php?rest_route=%2Fwp%2Fv2%2Fcomments&post=9793"}],"version-history":[{"count":2,"href":"https:\/\/saintlouisnews.sn\/index.php?rest_route=\/wp\/v2\/posts\/9793\/revisions"}],"predecessor-version":[{"id":9797,"href":"https:\/\/saintlouisnews.sn\/index.php?rest_route=\/wp\/v2\/posts\/9793\/revisions\/9797"}],"wp:featuredmedia":[{"embeddable":true,"href":"https:\/\/saintlouisnews.sn\/index.php?rest_route=\/wp\/v2\/media\/9794"}],"wp:attachment":[{"href":"https:\/\/saintlouisnews.sn\/index.php?rest_route=%2Fwp%2Fv2%2Fmedia&parent=9793"}],"wp:term":[{"taxonomy":"category","embeddable":true,"href":"https:\/\/saintlouisnews.sn\/index.php?rest_route=%2Fwp%2Fv2%2Fcategories&post=9793"},{"taxonomy":"post_tag","embeddable":true,"href":"https:\/\/saintlouisnews.sn\/index.php?rest_route=%2Fwp%2Fv2%2Ftags&post=9793"}],"curies":[{"name":"wp","href":"https:\/\/api.w.org\/{rel}","templated":true}]}}