{"id":9801,"date":"2026-01-06T23:14:23","date_gmt":"2026-01-06T23:14:23","guid":{"rendered":"https:\/\/saintlouisnews.sn\/?p=9801"},"modified":"2026-01-06T23:14:25","modified_gmt":"2026-01-06T23:14:25","slug":"9801-2","status":"publish","type":"post","link":"https:\/\/saintlouisnews.sn\/?p=9801","title":{"rendered":""},"content":{"rendered":"\n<p>\ud835\udc02\ud835\udc28\ud835\udc25\ud835\udc28\ud835\udc27\ud835\udc1e\ud835\udc25 \ud835\udc00\ud835\udc26\ud835\udc22\ud835\udc1d\ud835\udc28\ud835\udc2e \ud835\udc0d\ud835\udc03\ud835\udc08\ud835\udc00\ud835\udc18\ud835\udc04<br>\u200e\ud835\udc08\ud835\udc27\ud835\udc2c\ud835\udc29\ud835\udc1e\ud835\udc1c\ud835\udc2d\ud835\udc1e\ud835\udc2e\ud835\udc2b \ud835\udc29\ud835\udc2b\ud835\udc22\ud835\udc27\ud835\udc1c\ud835\udc22\ud835\udc29\ud835\udc1a\ud835\udc25 \ud835\udc1d\ud835\udc1e\ud835\udc2c \ud835\udc03\ud835\udc28\ud835\udc2e\ud835\udc1a\ud835\udc27\ud835\udc1e\ud835\udc2c \ud835\udc1d\ud835\udc1e \ud835\udc1c\ud835\udc25\ud835\udc1a\ud835\udc2c\ud835\udc2c\ud835\udc1e \ud835\udc1e\ud835\udc31\ud835\udc1c\ud835\udc1e\ud835\udc29\ud835\udc2d\ud835\udc22\ud835\udc28\ud835\udc27\ud835\udc27\ud835\udc1e\ud835\udc25\ud835\udc25\ud835\udc1e<br>\u200e\ud835\udc02\ud835\udc21\ud835\udc1e\ud835\udc2f\ud835\udc1a\ud835\udc25\ud835\udc22\ud835\udc1e\ud835\udc2b \ud835\udc1d\ud835\udc1e \ud835\udc25\u2019\ud835\udc0e\ud835\udc2b\ud835\udc1d\ud835\udc2b\ud835\udc1e \ud835\udc27\ud835\udc1a\ud835\udc2d\ud835\udc22\ud835\udc28\ud835\udc27\ud835\udc1a\ud835\udc25 \ud835\udc1d\ud835\udc2e \ud835\udc0b\ud835\udc22\ud835\udc28\ud835\udc27<br>\u200e\ud835\udc03\ud835\udc22\ud835\udc2b\ud835\udc1e\ud835\udc1c\ud835\udc2d\ud835\udc1e\ud835\udc2e\ud835\udc2b \ud835\udc1d\ud835\udc1e\ud835\udc2c \ud835\udc12\ud835\udc32\ud835\udc2c\ud835\udc2d\u00e8\ud835\udc26\ud835\udc1e\ud835\udc2c \ud835\udc1d\u2019\ud835\udc08\ud835\udc27\ud835\udc1f\ud835\udc28\ud835\udc2b\ud835\udc26\ud835\udc1a\ud835\udc2d\ud835\udc22\ud835\udc28\ud835\udc27 \ud835\udc1d\ud835\udc1e \ud835\udc25\u2019\ud835\udc00\ud835\udc1d\ud835\udc26\ud835\udc22\ud835\udc27\ud835\udc22\ud835\udc2c\ud835\udc2d\ud835\udc2b\ud835\udc1a\ud835\udc2d\ud835\udc22\ud835\udc28\ud835\udc27 \ud835\udc1d\ud835\udc1e\ud835\udc2c \ud835\udc03\ud835\udc28\ud835\udc2e\ud835\udc1a\ud835\udc27\ud835\udc1e\ud835\udc2c \ud835\udc1d\ud835\udc2e \ud835\udc12\u00e9\ud835\udc27\u00e9\ud835\udc20\ud835\udc1a\ud835\udc25.<br>\u200e<br>\u200e\ud835\udde0. \ud835\udc00\ud835\udc26\ud835\udc22\ud835\udc1d\ud835\udc28\ud835\udc2e \ud835\udc0d\ud835\udc03\ud835\udc08\ud835\udc00\ud835\udc18\ud835\udc04  a \u00e9t\u00e9 Directeur R\u00e9gional des Douanes du Nord puis Directeur du Renseignement, de l&rsquo;Analyse du Risque et de la Valeur<br>\u200e<br>\ud835\udde0. \ud835\udc0d\ud835\udc03\ud835\udc08\ud835\udc00\ud835\udc18\ud835\udc04 est un officier sup\u00e9rieur de l\u2019Administration des Douanes du S\u00e9n\u00e9gal, dont le parcours exemplaire s\u2019inscrit dans la tradition d\u2019excellence, de rigueur et de loyaut\u00e9 au service de l\u2019\u00c9tat.<br>\u200e<br>\u200eFort d\u2019une solide exp\u00e9rience professionnelle acquise \u00e0 travers des fonctions op\u00e9rationnelles, analytiques, strat\u00e9giques et manag\u00e9riales, il a contribu\u00e9 de mani\u00e8re significative \u00e0 l\u2019\u00e9volution et \u00e0 la modernisation de l\u2019administration douani\u00e8re s\u00e9n\u00e9galaise. Son expertise couvre aussi bien les domaines du contr\u00f4le, de l\u2019analyse des risques, du renseignement douanier que ceux de la gouvernance et des syst\u00e8mes d\u2019information.<br>\u200e<br>\u200eNomm\u00e9 en janvier 2025 au poste de Directeur des Syst\u00e8mes d\u2019Information des Douanes (\ud835\udc03\ud835\udc12\ud835\udc08\ud835\udc03), l&rsquo;\ud835\udc22\ud835\udc27\ud835\udc2c\ud835\udc29\ud835\udc1e\ud835\udc1c\ud835\udc2d\ud835\udc1e\ud835\udc2e\ud835\udc2b \ud835\udc29\ud835\udc2b\ud835\udc22\ud835\udc27\ud835\udc1c\ud835\udc22\ud835\udc29\ud835\udc1a\ud835\udc25 \ud835\udc00\ud835\udc26\ud835\udc22\ud835\udc1d\ud835\udc28\ud835\udc2e \ud835\udc0d\ud835\udc03\ud835\udc08\ud835\udc00\ud835\udc18\ud835\udc04 est charg\u00e9 de conduire la transformation num\u00e9rique de l\u2019institution, dans le cadre des r\u00e9formes structurelles engag\u00e9es par la Direction g\u00e9n\u00e9rale des Douanes. \u00c0 ce titre, il supervise les projets technologiques strat\u00e9giques visant \u00e0 moderniser les proc\u00e9dures, renforcer la s\u00e9curit\u00e9 des syst\u00e8mes et am\u00e9liorer l\u2019efficacit\u00e9 globale de l\u2019action douani\u00e8re.<br>\u200e<br>\u200eParall\u00e8lement \u00e0 ses responsabilit\u00e9s administratives, il a \u00e9galement \u0153uvr\u00e9 dans le domaine de la formation, en qualit\u00e9 de formateur en proc\u00e9dures de d\u00e9douanement \u00e0 \ud835\udc25\u2019\ud835\udc04\ud835\udc0d\ud835\udc12\ud835\udc04\ud835\udc0f\ud835\udc13 (\ud835\udc14\ud835\udc02\ud835\udc00\ud835\udc03) ainsi qu\u2019\u00e0 l\u2019\u00c9cole Nationale d\u2019Administration (\ud835\udc04\ud835\udc0d\ud835\udc00), section Douanes, contribuant ainsi \u00e0 la transmission du savoir et \u00e0 la formation des cadres de l\u2019administration publique.<br>\u200e<br>\u200e\ud835\uddd7\u00e9\ud835\uddf0\ud835\uddfc\ud835\uddff\ud835\uddee\ud835\ude01\ud835\uddf6\ud835\uddfc\ud835\uddfb\ud835\ude00<br>\u200e\u2022\ud835\uddd6\ud835\uddf5\ud835\uddf2\ud835\ude03\ud835\uddee\ud835\uddf9\ud835\uddf6\ud835\uddf2\ud835\uddff \ud835\uddf1\ud835\uddf2 \ud835\uddf9\u2019\ud835\udde2\ud835\uddff\ud835\uddf1\ud835\uddff\ud835\uddf2 \ud835\uddfb\ud835\uddee\ud835\ude01\ud835\uddf6\ud835\uddfc\ud835\uddfb\ud835\uddee\ud835\uddf9 \ud835\uddf1\ud835\ude02 \ud835\udddf\ud835\uddf6\ud835\uddfc\ud835\uddfb<br>\u200e\u2022\ud835\udde0\u00e9\ud835\uddf1\ud835\uddee\ud835\uddf6\ud835\uddf9\ud835\uddf9\ud835\uddf2 \ud835\uddf1\ud835\uddf2 \ud835\uddf9\u2019\ud835\udde2\ud835\uddff\ud835\uddf4\ud835\uddee\ud835\uddfb\ud835\uddf6\ud835\ude00\ud835\uddee\ud835\ude01\ud835\uddf6\ud835\uddfc\ud835\uddfb \ud835\uddfa\ud835\uddfc\ud835\uddfb\ud835\uddf1\ud835\uddf6\ud835\uddee\ud835\uddf9\ud835\uddf2 \ud835\uddf1\ud835\uddf2\ud835\ude00 \ud835\uddd7\ud835\uddfc\ud835\ude02\ud835\uddee\ud835\uddfb\ud835\uddf2\ud835\ude00 (\ud835\udde2\ud835\udde0\ud835\uddd7)<br>\u200e\u2022\ud835\udde0\u00e9\ud835\uddf1\ud835\uddee\ud835\uddf6\ud835\uddf9\ud835\uddf9\ud835\uddf2 \ud835\uddf1\ud835\uddf2\ud835\ude00 \ud835\uddd7\ud835\uddfc\ud835\ude02\ud835\uddee\ud835\uddfb\ud835\uddf2\ud835\ude00<br>\u200e<br>\u200eHomme de devoir, de m\u00e9thode et de valeurs, \ud835\udc0b&rsquo;\ud835\udc22\ud835\udc27\ud835\udc2c\ud835\udc29\ud835\udc1e\ud835\udc1c\ud835\udc2d\ud835\udc1e\ud835\udc2e\ud835\udc2b \ud835\udc29\ud835\udc2b\ud835\udc22\ud835\udc27\ud835\udc1c\ud835\udc22\ud835\udc29\ud835\udc1a\ud835\udc25 \ud835\udc00\ud835\udc26\ud835\udc22\ud835\udc1d\ud835\udc28\ud835\udc2e \ud835\udc0d\ud835\udc03\ud835\udc08\ud835\udc00\ud835\udc18\ud835\udc04 incarne une g\u00e9n\u00e9ration de hauts cadres douaniers engag\u00e9s pour une administration moderne, performante, transparente et r\u00e9solument tourn\u00e9e vers l\u2019int\u00e9r\u00eat g\u00e9n\u00e9ral. Son leadership sobre et son sens \u00e9lev\u00e9 de l\u2019\u00c9tat font de lui un acteur majeur de la transformation num\u00e9rique et institutionnelle des Douanes du S\u00e9n\u00e9gal.<\/p>\n\n\n\n<p><\/p>\n","protected":false},"excerpt":{"rendered":"<p>\ud835\udc02\ud835\udc28\ud835\udc25\ud835\udc28\ud835\udc27\ud835\udc1e\ud835\udc25 \ud835\udc00\ud835\udc26\ud835\udc22\ud835\udc1d\ud835\udc28\ud835\udc2e \ud835\udc0d\ud835\udc03\ud835\udc08\ud835\udc00\ud835\udc18\ud835\udc04\u200e\ud835\udc08\ud835\udc27\ud835\udc2c\ud835\udc29\ud835\udc1e\ud835\udc1c\ud835\udc2d\ud835\udc1e\ud835\udc2e\ud835\udc2b \ud835\udc29\ud835\udc2b\ud835\udc22\ud835\udc27\ud835\udc1c\ud835\udc22\ud835\udc29\ud835\udc1a\ud835\udc25 \ud835\udc1d\ud835\udc1e\ud835\udc2c \ud835\udc03\ud835\udc28\ud835\udc2e\ud835\udc1a\ud835\udc27\ud835\udc1e\ud835\udc2c \ud835\udc1d\ud835\udc1e \ud835\udc1c\ud835\udc25\ud835\udc1a\ud835\udc2c\ud835\udc2c\ud835\udc1e \ud835\udc1e\ud835\udc31\ud835\udc1c\ud835\udc1e\ud835\udc29\ud835\udc2d\ud835\udc22\ud835\udc28\ud835\udc27\ud835\udc27\ud835\udc1e\ud835\udc25\ud835\udc25\ud835\udc1e\u200e\ud835\udc02\ud835\udc21\ud835\udc1e\ud835\udc2f\ud835\udc1a\ud835\udc25\ud835\udc22\ud835\udc1e\ud835\udc2b \ud835\udc1d\ud835\udc1e \ud835\udc25\u2019\ud835\udc0e\ud835\udc2b\ud835\udc1d\ud835\udc2b\ud835\udc1e \ud835\udc27\ud835\udc1a\ud835\udc2d\ud835\udc22\ud835\udc28\ud835\udc27\ud835\udc1a\ud835\udc25 \ud835\udc1d\ud835\udc2e \ud835\udc0b\ud835\udc22\ud835\udc28\ud835\udc27\u200e\ud835\udc03\ud835\udc22\ud835\udc2b\ud835\udc1e\ud835\udc1c\ud835\udc2d\ud835\udc1e\ud835\udc2e\ud835\udc2b \ud835\udc1d\ud835\udc1e\ud835\udc2c \ud835\udc12\ud835\udc32\ud835\udc2c\ud835\udc2d\u00e8\ud835\udc26\ud835\udc1e\ud835\udc2c \ud835\udc1d\u2019\ud835\udc08\ud835\udc27\ud835\udc1f\ud835\udc28\ud835\udc2b\ud835\udc26\ud835\udc1a\ud835\udc2d\ud835\udc22\ud835\udc28\ud835\udc27 \ud835\udc1d\ud835\udc1e \ud835\udc25\u2019\ud835\udc00\ud835\udc1d\ud835\udc26\ud835\udc22\ud835\udc27\ud835\udc22\ud835\udc2c\ud835\udc2d\ud835\udc2b\ud835\udc1a\ud835\udc2d\ud835\udc22\ud835\udc28\ud835\udc27 \ud835\udc1d\ud835\udc1e\ud835\udc2c \ud835\udc03\ud835\udc28\ud835\udc2e\ud835\udc1a\ud835\udc27\ud835\udc1e\ud835\udc2c \ud835\udc1d\ud835\udc2e \ud835\udc12\u00e9\ud835\udc27\u00e9\ud835\udc20\ud835\udc1a\ud835\udc25.\u200e\u200e\ud835\udde0. \ud835\udc00\ud835\udc26\ud835\udc22\ud835\udc1d\ud835\udc28\ud835\udc2e \ud835\udc0d\ud835\udc03\ud835\udc08\ud835\udc00\ud835\udc18\ud835\udc04 a \u00e9t\u00e9 Directeur R\u00e9gional des Douanes du Nord puis Directeur du Renseignement, de l&rsquo;Analyse du Risque et de la Valeur\u200e\ud835\udde0. \ud835\udc0d\ud835\udc03\ud835\udc08\ud835\udc00\ud835\udc18\ud835\udc04 est un officier sup\u00e9rieur de l\u2019Administration des Douanes du &hellip;<\/p>\n","protected":false},"author":1,"featured_media":9802,"comment_status":"open","ping_status":"open","sticky":false,"template":"","format":"standard","meta":{"footnotes":""},"categories":[218,219,244],"tags":[],"class_list":["post-9801","post","type-post","status-publish","format-standard","has-post-thumbnail","hentry","category-a-laune","category-actualites","category-economie"],"_links":{"self":[{"href":"https:\/\/saintlouisnews.sn\/index.php?rest_route=\/wp\/v2\/posts\/9801","targetHints":{"allow":["GET"]}}],"collection":[{"href":"https:\/\/saintlouisnews.sn\/index.php?rest_route=\/wp\/v2\/posts"}],"about":[{"href":"https:\/\/saintlouisnews.sn\/index.php?rest_route=\/wp\/v2\/types\/post"}],"author":[{"embeddable":true,"href":"https:\/\/saintlouisnews.sn\/index.php?rest_route=\/wp\/v2\/users\/1"}],"replies":[{"embeddable":true,"href":"https:\/\/saintlouisnews.sn\/index.php?rest_route=%2Fwp%2Fv2%2Fcomments&post=9801"}],"version-history":[{"count":1,"href":"https:\/\/saintlouisnews.sn\/index.php?rest_route=\/wp\/v2\/posts\/9801\/revisions"}],"predecessor-version":[{"id":9803,"href":"https:\/\/saintlouisnews.sn\/index.php?rest_route=\/wp\/v2\/posts\/9801\/revisions\/9803"}],"wp:featuredmedia":[{"embeddable":true,"href":"https:\/\/saintlouisnews.sn\/index.php?rest_route=\/wp\/v2\/media\/9802"}],"wp:attachment":[{"href":"https:\/\/saintlouisnews.sn\/index.php?rest_route=%2Fwp%2Fv2%2Fmedia&parent=9801"}],"wp:term":[{"taxonomy":"category","embeddable":true,"href":"https:\/\/saintlouisnews.sn\/index.php?rest_route=%2Fwp%2Fv2%2Fcategories&post=9801"},{"taxonomy":"post_tag","embeddable":true,"href":"https:\/\/saintlouisnews.sn\/index.php?rest_route=%2Fwp%2Fv2%2Ftags&post=9801"}],"curies":[{"name":"wp","href":"https:\/\/api.w.org\/{rel}","templated":true}]}}