{"id":9820,"date":"2026-01-08T15:07:30","date_gmt":"2026-01-08T15:07:30","guid":{"rendered":"https:\/\/saintlouisnews.sn\/?p=9820"},"modified":"2026-01-08T15:07:31","modified_gmt":"2026-01-08T15:07:31","slug":"coalition-diomaye-president-me-moussa-diop-designe-coordonnateur-de-podor","status":"publish","type":"post","link":"https:\/\/saintlouisnews.sn\/?p=9820","title":{"rendered":"Coalition Diomaye Pr\u00e9sident :Me Moussa Diop d\u00e9sign\u00e9 coordonnateur de Podor"},"content":{"rendered":"\n<p>PODOR\/ COMMUNIQU\u00c9<br>Suite \u00e0 la r\u00e9union tenue en visioconf\u00e9rence de la Coalition Diomaye Pr\u00e9sident dans le d\u00e9partement de Podor, il a \u00e9t\u00e9 unanimement d\u00e9cid\u00e9 de porter Ma\u00eetre Moussa Diop au poste de Coordinateur D\u00e9partemental de Podor, avec une adh\u00e9sion totale (100 %).<br>Nous remercions l\u2019ensemble des leaders politiques, pr\u00e9sidents de mouvements, partis politiques, GIE, groupes de femmes et r\u00e9sidents du d\u00e9partement de Podor pour leur engagement, leur responsabilit\u00e9 et leur choix port\u00e9 sur Ma\u00eetre Moussa Diop.<br>Cette d\u00e9cision marque une \u00e9tape importante dans le renforcement et la structuration de la Coalition Diomaye Pr\u00e9sident dans le d\u00e9partement de Podor.<br><\/p>\n","protected":false},"excerpt":{"rendered":"<p>PODOR\/ COMMUNIQU\u00c9Suite \u00e0 la r\u00e9union tenue en visioconf\u00e9rence de la Coalition Diomaye Pr\u00e9sident dans le d\u00e9partement de Podor, il a \u00e9t\u00e9 unanimement d\u00e9cid\u00e9 de porter Ma\u00eetre Moussa Diop au poste de Coordinateur D\u00e9partemental de Podor, avec une adh\u00e9sion totale (100 %).Nous remercions l\u2019ensemble des leaders politiques, pr\u00e9sidents de mouvements, partis politiques, GIE, groupes de femmes &hellip;<\/p>\n","protected":false},"author":1,"featured_media":9821,"comment_status":"open","ping_status":"open","sticky":false,"template":"","format":"standard","meta":{"footnotes":""},"categories":[218,219,231],"tags":[],"class_list":["post-9820","post","type-post","status-publish","format-standard","has-post-thumbnail","hentry","category-a-laune","category-actualites","category-societe"],"_links":{"self":[{"href":"https:\/\/saintlouisnews.sn\/index.php?rest_route=\/wp\/v2\/posts\/9820","targetHints":{"allow":["GET"]}}],"collection":[{"href":"https:\/\/saintlouisnews.sn\/index.php?rest_route=\/wp\/v2\/posts"}],"about":[{"href":"https:\/\/saintlouisnews.sn\/index.php?rest_route=\/wp\/v2\/types\/post"}],"author":[{"embeddable":true,"href":"https:\/\/saintlouisnews.sn\/index.php?rest_route=\/wp\/v2\/users\/1"}],"replies":[{"embeddable":true,"href":"https:\/\/saintlouisnews.sn\/index.php?rest_route=%2Fwp%2Fv2%2Fcomments&post=9820"}],"version-history":[{"count":1,"href":"https:\/\/saintlouisnews.sn\/index.php?rest_route=\/wp\/v2\/posts\/9820\/revisions"}],"predecessor-version":[{"id":9822,"href":"https:\/\/saintlouisnews.sn\/index.php?rest_route=\/wp\/v2\/posts\/9820\/revisions\/9822"}],"wp:featuredmedia":[{"embeddable":true,"href":"https:\/\/saintlouisnews.sn\/index.php?rest_route=\/wp\/v2\/media\/9821"}],"wp:attachment":[{"href":"https:\/\/saintlouisnews.sn\/index.php?rest_route=%2Fwp%2Fv2%2Fmedia&parent=9820"}],"wp:term":[{"taxonomy":"category","embeddable":true,"href":"https:\/\/saintlouisnews.sn\/index.php?rest_route=%2Fwp%2Fv2%2Fcategories&post=9820"},{"taxonomy":"post_tag","embeddable":true,"href":"https:\/\/saintlouisnews.sn\/index.php?rest_route=%2Fwp%2Fv2%2Ftags&post=9820"}],"curies":[{"name":"wp","href":"https:\/\/api.w.org\/{rel}","templated":true}]}}