{"id":9854,"date":"2026-01-13T17:10:06","date_gmt":"2026-01-13T17:10:06","guid":{"rendered":"https:\/\/saintlouisnews.sn\/?p=9854"},"modified":"2026-01-13T17:13:37","modified_gmt":"2026-01-13T17:13:37","slug":"can-2025-des-journalistes-africains-honores-par-laips-a-rabat","status":"publish","type":"post","link":"https:\/\/saintlouisnews.sn\/?p=9854","title":{"rendered":"CAN 2025: Des journalistes africains honor\u00e9s par l&rsquo;AIPS \u00e0 Rabat"},"content":{"rendered":"\n<p><strong><em>Tanger\u2013 La Coupe d&rsquo;Afrique des Nations (CAN) de football 2025 qui se tient au Maroc, sera mise \u00e0 profit par l&rsquo;Association internationale de la Presse sportive zone Afrique pour r\u00e9compenser des journalistes qui ont couvert 10 CAN<\/em><\/strong>. <\/p>\n\n\n\n<p>Une vingtaine de journalistes sportifs africains, dont six s\u00e9n\u00e9galais, seront honor\u00e9s dimanche \u00e0 l\u2019occasion de la deuxi\u00e8me \u00e9dition des AIPS Awards, en r\u00e9compense de leur contribution au d\u00e9veloppement du sport en g\u00e9n\u00e9ral et du football en particulier.<\/p>\n\n\n\n<p>\u200eCette c\u00e9r\u00e9monie, organis\u00e9e par l\u2019Association internationale de la presse sportive (AIPS), zone Afrique, en collaboration avec l\u2019AIPS\/Monde, va se d\u00e9rouler au si\u00e8ge de la FIFA \u00e0 Rabat-Sal\u00e9.<\/p>\n\n\n\n<p>\u200eCette ann\u00e9e, l\u2019AIPS\/Afrique \u201cva honorer les journalistes africains ayant couvert dix Coupes d\u2019Afrique des nations (CAN), ainsi que des a\u00een\u00e9s ayant marqu\u00e9 d\u2019une empreinte ind\u00e9l\u00e9bile le d\u00e9veloppement du sport, notamment du football, dans leur pays, voire sur le continent\u201d, indique un communiqu\u00e9 de l\u2019AIPS\/Afrique rendu public lundi.<\/p>\n\n\n\n<p>\u200eLes journalistes s\u00e9n\u00e9galais Youssoupha Badji (Vox Populi), Cheikh Fantamady Ke\u00efta (Relief), Abdoulaye Boubou Thiam (Sud Quotidien) et Adama Thieyguel Kand\u00e9 (2STV) seront distingu\u00e9s pour avoir couvert dix phases finales de la CAN.<\/p>\n\n\n\n<p>Les doyens Mamadou Koum\u00e9 et Abdoulaye Diaw seront, quant \u00e0 eux, c\u00e9l\u00e9br\u00e9s pour avoir marqu\u00e9 d\u2019une empreinte ind\u00e9l\u00e9bile le d\u00e9veloppement du sport et du football en particulier au S\u00e9n\u00e9gal et en Afrique.<\/p>\n\n\n\n<p>Le pr\u00e9sident de la FIFA, Gianni Infantino, ainsi que celui de la Conf\u00e9d\u00e9ration africaine de football (CAF), Patrice Motsepe, prendront part \u00e0 l\u2019\u00e9v\u00e9nement.<\/p>\n\n\n\n<p>\u200eVoici la liste des journalistes africains ayant couvert dix \u00e9ditions de CAN:<\/p>\n\n\n\n<p>\u200ePape Saine (Gambie), Amadou Al Housseini Tour\u00e9 (Mali), Ange Gnacadja (B\u00e9nin), Nana Paul Sabin (Cameroun), Mokhtar Hmima et Hosni Manoubi (Tunisie), Youssoupha Badji, Cheikh Fantamady Ke\u00efta, Abdoulaye Boubou Thiam et Adama Thieyguel Kand\u00e9 (S\u00e9n\u00e9gal).<\/p>\n\n\n\n<p>\u200eLa liste des l\u00e9gendes:<\/p>\n\n\n\n<p>Mostapha Bedri et Mohamed Bencherif (Maroc), Dicko Assa Soumar\u00e9 et Demba Koulibaly (Mali), Bernard Otieno et Elias Makori (Kenya), Amadou Diould\u00e9 Diallo et Cheik Fantamady Cond\u00e9 (Guin\u00e9e), Mamadou Koum\u00e9 et Abdoulaye Diaw (S\u00e9n\u00e9gal), Oumar Kaldoum (Alg\u00e9rie), Aicha Falode (Nig\u00e9ria), Peter Gomez (Gambie), Mana Palanga (Togo), Haithem Rachidi (Tunisie), Steve Vickers (Zimbabwe), Ouattara Hegaud (C\u00f4te d\u2019Ivoire), Mufti Mohamed Saeed (Soudan), Fran\u00e7ois Kabulo Mwana Kabulo (Congo), Jean Gilbert Foutou (Congo-Brazzaville) et Emmanuel Gustave Samnick (Cameroun).<\/p>\n","protected":false},"excerpt":{"rendered":"<p>Tanger\u2013 La Coupe d&rsquo;Afrique des Nations (CAN) de football 2025 qui se tient au Maroc, sera mise \u00e0 profit par l&rsquo;Association internationale de la Presse sportive zone Afrique pour r\u00e9compenser des journalistes qui ont couvert 10 CAN. Une vingtaine de journalistes sportifs africains, dont six s\u00e9n\u00e9galais, seront honor\u00e9s dimanche \u00e0 l\u2019occasion de la deuxi\u00e8me \u00e9dition &hellip;<\/p>\n","protected":false},"author":1,"featured_media":9855,"comment_status":"open","ping_status":"open","sticky":false,"template":"","format":"standard","meta":{"footnotes":""},"categories":[218,219,243],"tags":[],"class_list":["post-9854","post","type-post","status-publish","format-standard","has-post-thumbnail","hentry","category-a-laune","category-actualites","category-sports"],"_links":{"self":[{"href":"https:\/\/saintlouisnews.sn\/index.php?rest_route=\/wp\/v2\/posts\/9854","targetHints":{"allow":["GET"]}}],"collection":[{"href":"https:\/\/saintlouisnews.sn\/index.php?rest_route=\/wp\/v2\/posts"}],"about":[{"href":"https:\/\/saintlouisnews.sn\/index.php?rest_route=\/wp\/v2\/types\/post"}],"author":[{"embeddable":true,"href":"https:\/\/saintlouisnews.sn\/index.php?rest_route=\/wp\/v2\/users\/1"}],"replies":[{"embeddable":true,"href":"https:\/\/saintlouisnews.sn\/index.php?rest_route=%2Fwp%2Fv2%2Fcomments&post=9854"}],"version-history":[{"count":2,"href":"https:\/\/saintlouisnews.sn\/index.php?rest_route=\/wp\/v2\/posts\/9854\/revisions"}],"predecessor-version":[{"id":9858,"href":"https:\/\/saintlouisnews.sn\/index.php?rest_route=\/wp\/v2\/posts\/9854\/revisions\/9858"}],"wp:featuredmedia":[{"embeddable":true,"href":"https:\/\/saintlouisnews.sn\/index.php?rest_route=\/wp\/v2\/media\/9855"}],"wp:attachment":[{"href":"https:\/\/saintlouisnews.sn\/index.php?rest_route=%2Fwp%2Fv2%2Fmedia&parent=9854"}],"wp:term":[{"taxonomy":"category","embeddable":true,"href":"https:\/\/saintlouisnews.sn\/index.php?rest_route=%2Fwp%2Fv2%2Fcategories&post=9854"},{"taxonomy":"post_tag","embeddable":true,"href":"https:\/\/saintlouisnews.sn\/index.php?rest_route=%2Fwp%2Fv2%2Ftags&post=9854"}],"curies":[{"name":"wp","href":"https:\/\/api.w.org\/{rel}","templated":true}]}}