{"id":9898,"date":"2026-01-20T16:19:12","date_gmt":"2026-01-20T16:19:12","guid":{"rendered":"https:\/\/saintlouisnews.sn\/?p=9898"},"modified":"2026-01-20T16:20:26","modified_gmt":"2026-01-20T16:20:26","slug":"lelodie-de-pape-thiaw-un-symbole-de-dignite-senegalaise","status":"publish","type":"post","link":"https:\/\/saintlouisnews.sn\/?p=9898","title":{"rendered":"L&rsquo;\u00c9lodie de Pape Thiaw : Un symbole de dignit\u00e9 s\u00e9n\u00e9galaise (Par Mbaye Jacques DIOP)"},"content":{"rendered":"\n<p>Dans l&rsquo;ar\u00e8ne du football africain, o\u00f9 les passions sont souvent exacerb\u00e9es et les int\u00e9r\u00eats en jeu sont consid\u00e9rables, il est rare de voir un homme se dresser avec autant de dignit\u00e9 et de courage que Pape Thiaw, le s\u00e9lectionneur des Lions de la Teranga. <\/p>\n\n\n\n<p>La finale de la CAN 2025, qui a oppos\u00e9 le S\u00e9n\u00e9gal au Maroc, a \u00e9t\u00e9 le th\u00e9\u00e2tre d&rsquo;un v\u00e9ritable exploit, non seulement sur le plan sportif, mais \u00e9galement sur le plan humain.Pape Thiaw, cet homme au temp\u00e9rament de feu, qui a toujours d\u00e9fendu les couleurs de son pays avec fiert\u00e9 et d\u00e9termination, a montr\u00e9 dimanche dernier qu&rsquo;il est bien plus qu&rsquo;un simple entra\u00eeneur. Il est un symbole de la dignit\u00e9 s\u00e9n\u00e9galaise, un porte-\u00e9tendard de la fiert\u00e9 nationale.<\/p>\n\n\n\n<p>Face \u00e0 l&rsquo;adversit\u00e9, face aux d\u00e9cisions arbitraires et contestables, face \u00e0 la pression m\u00e9diatique et politique, Pape Thiaw a choisi de r\u00e9agir avec dignit\u00e9 et \u00e9l\u00e9gance. Il a refus\u00e9 de se laisser emporter par la col\u00e8re et la frustration, il a pr\u00e9f\u00e9r\u00e9 prendre la d\u00e9cision de retirer son \u00e9quipe du terrain, protestant ainsi contre les errements de l&rsquo;arbitre.<\/p>\n\n\n\n<p>Cet acte de courage et de conviction a \u00e9t\u00e9 salu\u00e9 par l&rsquo;ensemble de la nation s\u00e9n\u00e9galaise, qui a vu en Pape Thiaw un v\u00e9ritable leader, un homme qui incarne les valeurs de courage, de d\u00e9termination et de dignit\u00e9 qui sont celles de notre pays.Mais Pape Thiaw n&rsquo;est pas seulement un symbole de la dignit\u00e9 s\u00e9n\u00e9galaise, il est \u00e9galement un exemple pour la jeunesse africaine. Il montre que, m\u00eame face \u00e0 l&rsquo;adversit\u00e9, il est possible de se dresser avec courage et d\u00e9termination, de d\u00e9fendre ses droits et ses convictions, sans jamais perdre sa dignit\u00e9.<\/p>\n\n\n\n<p>La d\u00e9cision de Pape Thiaw de retirer son \u00e9quipe du terrain a \u00e9t\u00e9 un v\u00e9ritable coup de tonnerre, qui a secou\u00e9 les instances du football africain et mondial. Elle a montr\u00e9 que le S\u00e9n\u00e9gal est un pays qui ne se laisse pas marcher sur les pieds, qui d\u00e9fend ses droits et ses int\u00e9r\u00eats avec d\u00e9termination et courage.En cette p\u00e9riode de grande effervescence, o\u00f9 les passions sont souvent exacerb\u00e9es, il est important de se rappeler les valeurs qui font la grandeur de notre pays. <\/p>\n\n\n\n<p>La dignit\u00e9, le courage, la d\u00e9termination, la solidarit\u00e9, sont autant de valeurs qui doivent nous guider dans nos actions et nos d\u00e9cisions.Pape Thiaw, vous \u00eates un symbole de la dignit\u00e9 s\u00e9n\u00e9galaise, un exemple pour la jeunesse africaine. Vous avez montr\u00e9 que, m\u00eame face \u00e0 l&rsquo;adversit\u00e9, il est possible de se dresser avec courage et d\u00e9termination. Nous sommes fiers de vous, nous sommes fiers de votre \u00e9quipe, et nous sommes fiers de notre pays.<\/p>\n\n\n\n<p>*Vive le S\u00e9n\u00e9gal ! <\/p>\n\n\n\n<p>Vive les Lions de la Teranga ! <\/p>\n\n\n\n<p>Vive Pape Thiaw !<\/p>\n\n\n\n<p><\/p>\n\n\n\n<p><\/p>\n","protected":false},"excerpt":{"rendered":"<p>Dans l&rsquo;ar\u00e8ne du football africain, o\u00f9 les passions sont souvent exacerb\u00e9es et les int\u00e9r\u00eats en jeu sont consid\u00e9rables, il est rare de voir un homme se dresser avec autant de dignit\u00e9 et de courage que Pape Thiaw, le s\u00e9lectionneur des Lions de la Teranga. La finale de la CAN 2025, qui a oppos\u00e9 le S\u00e9n\u00e9gal &hellip;<\/p>\n","protected":false},"author":1,"featured_media":9899,"comment_status":"open","ping_status":"open","sticky":false,"template":"","format":"standard","meta":{"footnotes":""},"categories":[218,219,243],"tags":[],"class_list":["post-9898","post","type-post","status-publish","format-standard","has-post-thumbnail","hentry","category-a-laune","category-actualites","category-sports"],"_links":{"self":[{"href":"https:\/\/saintlouisnews.sn\/index.php?rest_route=\/wp\/v2\/posts\/9898","targetHints":{"allow":["GET"]}}],"collection":[{"href":"https:\/\/saintlouisnews.sn\/index.php?rest_route=\/wp\/v2\/posts"}],"about":[{"href":"https:\/\/saintlouisnews.sn\/index.php?rest_route=\/wp\/v2\/types\/post"}],"author":[{"embeddable":true,"href":"https:\/\/saintlouisnews.sn\/index.php?rest_route=\/wp\/v2\/users\/1"}],"replies":[{"embeddable":true,"href":"https:\/\/saintlouisnews.sn\/index.php?rest_route=%2Fwp%2Fv2%2Fcomments&post=9898"}],"version-history":[{"count":2,"href":"https:\/\/saintlouisnews.sn\/index.php?rest_route=\/wp\/v2\/posts\/9898\/revisions"}],"predecessor-version":[{"id":9901,"href":"https:\/\/saintlouisnews.sn\/index.php?rest_route=\/wp\/v2\/posts\/9898\/revisions\/9901"}],"wp:featuredmedia":[{"embeddable":true,"href":"https:\/\/saintlouisnews.sn\/index.php?rest_route=\/wp\/v2\/media\/9899"}],"wp:attachment":[{"href":"https:\/\/saintlouisnews.sn\/index.php?rest_route=%2Fwp%2Fv2%2Fmedia&parent=9898"}],"wp:term":[{"taxonomy":"category","embeddable":true,"href":"https:\/\/saintlouisnews.sn\/index.php?rest_route=%2Fwp%2Fv2%2Fcategories&post=9898"},{"taxonomy":"post_tag","embeddable":true,"href":"https:\/\/saintlouisnews.sn\/index.php?rest_route=%2Fwp%2Fv2%2Ftags&post=9898"}],"curies":[{"name":"wp","href":"https:\/\/api.w.org\/{rel}","templated":true}]}}