{"id":9943,"date":"2026-01-24T19:01:34","date_gmt":"2026-01-24T19:01:34","guid":{"rendered":"https:\/\/saintlouisnews.sn\/?p=9943"},"modified":"2026-01-24T22:59:46","modified_gmt":"2026-01-24T22:59:46","slug":"lancement-officiel-de-la-campagne-rizicole-de-la-saison-seche-chaude-2026","status":"publish","type":"post","link":"https:\/\/saintlouisnews.sn\/?p=9943","title":{"rendered":"Mabouba Diagne aux rizicoles \u00abL\u2019heure n\u2019est plus aux d\u00e9clarations de principe, mais \u00e0 l\u2019action concert\u00e9e et m\u00e9thodique\u00bb."},"content":{"rendered":"\n<p>La campagne rizicole de la saison s\u00e8che chaude 2026 a \u00e9t\u00e9 officiellement lanc\u00e9e \u00e0 Saint-Louis par le Ministre de l&rsquo;Agriculture, de la Souverainet\u00e9 alimentaire et de l&rsquo;\u00c9levage, Dr Mabouba Diagne. Cette campagne marque la premi\u00e8re mise en \u0153uvre du contrat-programme quinquennal Riz 2026\u20132030, sign\u00e9 entre l\u2019\u00c9tat du S\u00e9n\u00e9gal et le Comit\u00e9 interprofessionnel de la Fili\u00e8re riz (Ciriz).<\/p>\n\n\n\n<p>L&rsquo;atelier de lancement de la campagne de saison s\u00e8che chaude 2026 dans la vall\u00e9e du fleuve S\u00e9n\u00e9gal, a vu la participation de tous les acteurs de la fili\u00e8re riz.<\/p>\n\n\n\n<p>Inscrite dans la Strat\u00e9gie d\u00e9cennale de Souverainet\u00e9 alimentaire (SSA 2025\u20132034) et l\u2019Agenda national de Transformation S\u00e9n\u00e9gal 2050, cette initiative vise \u00e0 renforcer durablement l\u2019autosuffisance rizicole, avec la vall\u00e9e du fleuve S\u00e9n\u00e9gal comme zone strat\u00e9gique prioritaire. \u00ab Cet atelier s\u2019ouvre dans un contexte porteur d\u2019espoir et de transformation profonde, port\u00e9 par la volont\u00e9 du Pr\u00e9sident de la R\u00e9publique, Bassirou Diomaye Diakhar Faye, de traduire notre ambition de souverainet\u00e9 alimentaire en r\u00e9sultats concrets et tangibles \u00bb, a r\u00e9v\u00e9l\u00e9 le ministre Mabouba Diagne. D&rsquo;ailleurs, il a saisi cette occasion pour appeler \u00e0 une mobilisation collective de l\u2019ensemble des acteurs de la fili\u00e8re. Pour lui, chacun doit tirer au maximum son \u00e9pingle du jeu.<\/p>\n\n\n\n<p>Pour l\u2019hivernage 2025\/2026, plus de 29 500 hectares ont \u00e9t\u00e9 emblav\u00e9s, dont 27 443 hectares de riz, tandis que la saison s\u00e8che froide 2025\/2026 totalise plus de 15 000 hectares, incluant des cultures mara\u00eech\u00e8res et c\u00e9r\u00e9ali\u00e8res. Pour la campagne SSC 2026, les travaux culturaux ont d\u00e9j\u00e0 d\u00e9marr\u00e9 dans le Delta, la Moyenne Vall\u00e9e et autour du lac de Guiers. <\/p>\n\n\n\n<p><strong><em>Le ministre invite les acteurs \u00e0 relever les d\u00e9fis<\/em><\/strong><\/p>\n\n\n\n<p>La situation de la fili\u00e8re riz, n&rsquo;a pas laiss\u00e9 insensible Mabouba Diagne qui a invit\u00e9 les producteurs de riz \u00e0 relever les d\u00e9fis de la productivit\u00e9 et de la commercialisation. \u00ab\u00a0Des d\u00e9fis persistent, notamment en mati\u00e8re de productivit\u00e9 et de commercialisation. Malgr\u00e9 nos progr\u00e8s, le S\u00e9n\u00e9gal importe encore plus d\u2019un million de tonnes de riz blanc, pesant lourdement sur notre balance commerciale. Dans un march\u00e9 international incertain et sp\u00e9culatif, cette d\u00e9pendance est un risque que nous ne pouvons plus courir\u00a0\u00bb, a averti le ministre de l&rsquo;Agriculture, de la Souverainet\u00e9 alimentaire et de l&rsquo;\u00c9levage. Pour lui, la situation doit \u00e9voluer. \u00ab\u00a0C\u2019est pr\u00e9cis\u00e9ment pour renverser cette tendance et changer de paradigme que le gouvernement a d\u00e9cid\u00e9 de passer d\u2019un soutien dispers\u00e9 \u00e0 une dynamique int\u00e9gr\u00e9e, structur\u00e9e et durable\u201d, a-t-il signal\u00e9 pr\u00e9cisant que la mission du gouvernement est claire. \u00ab\u00a0Il s\u2019agit d\u2019intensifier nos cha\u00eenes de valeur agricoles, de renforcer la r\u00e9silience des territoires et r\u00e9duire drastiquement notre d\u00e9pendance aux importations. Dans cette perspective, la riziculture occupe une place centrale et gr\u00e2ce \u00e0 nos ressources naturelles et aux infrastructures existantes, la Vall\u00e9e du fleuve poss\u00e8de un potentiel exceptionnel. Les r\u00e9sultats historiques de la campagne 2025, obtenus en d\u00e9pit des contraintes rencontr\u00e9es, prouvent que nous sommes sur le bon chemin pour marcher r\u00e9solument vers l\u2019atteinte de l\u2019autosuffisance\u00a0\u00bb, s&rsquo;enorgueillit-il<\/p>\n\n\n\n<p>Toutefois, Dr Mabouba Diagne, a invit\u00e9 \u00e0 l&rsquo;essentiel.\u00a0\u00ab L\u2019heure n\u2019est plus aux d\u00e9clarations de principe, mais \u00e0 l\u2019action concert\u00e9e et m\u00e9thodique. L\u2019\u00c9tat prendra ses responsabilit\u00e9s, mais il attend de chaque acteur un engagement ferme et mesurable \u00bb, a averti M. Diagne. <\/p>\n\n\n\n<p>Prenant la parole au nom de l\u2019interprofession, le pr\u00e9sident du CIRIZ, Ousseynou Ndiaye, a salu\u00e9 les mesures d\u2019accompagnement annonc\u00e9es par l\u2019\u00c9tat. \u00ab Nous lan\u00e7ons aujourd\u2019hui la premi\u00e8re campagne de saison s\u00e8che chaude issue du contrat-programme que nous avons sign\u00e9 avec le gouvernement. Des financements importants ont \u00e9t\u00e9 mobilis\u00e9s pour les am\u00e9nagements hydro-agricoles, l\u2019agro-industrie et le financement de la production \u00bb, a-t-il expliqu\u00e9. Le pr\u00e9sident du CIRIZ a \u00e9galement annonc\u00e9 des objectifs ambitieux pour la campagne 2026, avec une mise en valeur d\u2019environ 53 000 hectares et un rendement moyen vis\u00e9 de 6,7 tonnes \u00e0 l\u2019hectare, tout en insistant sur l\u2019importance du financement et de la commercialisation du riz local.<\/p>\n\n\n\n<p>Selon les donn\u00e9es pr\u00e9sent\u00e9es par la SAED, les campagnes agricoles en cours affichent des r\u00e9sultats encourageants au grand bonheur des acteurs qui accompagnent le programme de l&rsquo;\u00c9tat.<\/p>\n\n\n\n<p><\/p>\n","protected":false},"excerpt":{"rendered":"<p>La campagne rizicole de la saison s\u00e8che chaude 2026 a \u00e9t\u00e9 officiellement lanc\u00e9e \u00e0 Saint-Louis par le Ministre de l&rsquo;Agriculture, de la Souverainet\u00e9 alimentaire et de l&rsquo;\u00c9levage, Dr Mabouba Diagne. Cette campagne marque la premi\u00e8re mise en \u0153uvre du contrat-programme quinquennal Riz 2026\u20132030, sign\u00e9 entre l\u2019\u00c9tat du S\u00e9n\u00e9gal et le Comit\u00e9 interprofessionnel de la Fili\u00e8re &hellip;<\/p>\n","protected":false},"author":1,"featured_media":9944,"comment_status":"open","ping_status":"open","sticky":false,"template":"","format":"standard","meta":{"footnotes":""},"categories":[218,219,244],"tags":[],"class_list":["post-9943","post","type-post","status-publish","format-standard","has-post-thumbnail","hentry","category-a-laune","category-actualites","category-economie"],"_links":{"self":[{"href":"https:\/\/saintlouisnews.sn\/index.php?rest_route=\/wp\/v2\/posts\/9943","targetHints":{"allow":["GET"]}}],"collection":[{"href":"https:\/\/saintlouisnews.sn\/index.php?rest_route=\/wp\/v2\/posts"}],"about":[{"href":"https:\/\/saintlouisnews.sn\/index.php?rest_route=\/wp\/v2\/types\/post"}],"author":[{"embeddable":true,"href":"https:\/\/saintlouisnews.sn\/index.php?rest_route=\/wp\/v2\/users\/1"}],"replies":[{"embeddable":true,"href":"https:\/\/saintlouisnews.sn\/index.php?rest_route=%2Fwp%2Fv2%2Fcomments&post=9943"}],"version-history":[{"count":7,"href":"https:\/\/saintlouisnews.sn\/index.php?rest_route=\/wp\/v2\/posts\/9943\/revisions"}],"predecessor-version":[{"id":9957,"href":"https:\/\/saintlouisnews.sn\/index.php?rest_route=\/wp\/v2\/posts\/9943\/revisions\/9957"}],"wp:featuredmedia":[{"embeddable":true,"href":"https:\/\/saintlouisnews.sn\/index.php?rest_route=\/wp\/v2\/media\/9944"}],"wp:attachment":[{"href":"https:\/\/saintlouisnews.sn\/index.php?rest_route=%2Fwp%2Fv2%2Fmedia&parent=9943"}],"wp:term":[{"taxonomy":"category","embeddable":true,"href":"https:\/\/saintlouisnews.sn\/index.php?rest_route=%2Fwp%2Fv2%2Fcategories&post=9943"},{"taxonomy":"post_tag","embeddable":true,"href":"https:\/\/saintlouisnews.sn\/index.php?rest_route=%2Fwp%2Fv2%2Ftags&post=9943"}],"curies":[{"name":"wp","href":"https:\/\/api.w.org\/{rel}","templated":true}]}}